{"id":33460,"date":"2016-11-19T12:59:12","date_gmt":"2016-11-19T17:29:12","guid":{"rendered":"http:\/\/gradadigital.com\/home\/?p=33460"},"modified":"2016-11-20T11:28:18","modified_gmt":"2016-11-20T15:58:18","slug":"yeferson-soteldo-nominado-al-premio-rey-de-america-2016","status":"publish","type":"post","link":"http:\/\/gradadigital.com\/home\/yeferson-soteldo-nominado-al-premio-rey-de-america-2016\/","title":{"rendered":"Yeferson Soteldo nominado al premio Rey de Am\u00e9rica 2016"},"content":{"rendered":"<div dir=\"ltr\">\n<p class=\"m_-5003614463949301689gmail-MsoNoSpacing\" style=\"text-align: center;\"><img loading=\"lazy\" decoding=\"async\" class=\"alignnone size-full wp-image-28058\" src=\"http:\/\/gradadigital.com\/home\/wp-content\/uploads\/2016\/05\/yeferson_soteldo_zamora_anzoategui_29052016_0720.jpg\" alt=\"yeferson_soteldo_zamora_anzoategui_29052016_0720\" width=\"682\" height=\"455\" srcset=\"http:\/\/gradadigital.com\/home\/wp-content\/uploads\/2016\/05\/yeferson_soteldo_zamora_anzoategui_29052016_0720.jpg 682w, http:\/\/gradadigital.com\/home\/wp-content\/uploads\/2016\/05\/yeferson_soteldo_zamora_anzoategui_29052016_0720-300x200.jpg 300w\" sizes=\"auto, (max-width: 682px) 100vw, 682px\" \/><\/p>\n<p class=\"m_-5003614463949301689gmail-MsoNoSpacing\" style=\"text-align: justify;\"><strong>Freddy Bautista\u00a0\/ Prensa Zamora FC\u00a0&#8211;<\/strong>\u00a0El tradicional diario uruguayo &#8216;El Pa\u00eds&#8217;, dio a conocer la lista de 55 futbolistas nominados al premio &#8216;Rey de Am\u00e9rica&#8217; en su edici\u00f3n 2016, en la que est\u00e1 presente un atleta del Zamora F\u00fatbol Club: el juvenil Yeferson Soteldo.<\/p>\n<p class=\"m_-5003614463949301689gmail-MsoNoSpacing\" style=\"text-align: justify;\">Este importante premio seleccionar\u00e1 al mejor del continente americano, reconocimiento que se entrega desde 1986 hasta la actualidad s\u00f3lo a jugadores sudamericanos y que tiene entre sus nominados a un baluarte zamorano, siendo el conjunto barin\u00e9s el \u00fanico club venezolano en tener un representante en esta premiaci\u00f3n.<\/p>\n<p class=\"m_-5003614463949301689gmail-MsoNoSpacing\" style=\"text-align: justify;\">Luego de conocer dicha noticia, Soteldo expres\u00f3 su emoci\u00f3n por ser tomado en cuenta en tan prestigiosa nominaci\u00f3n:\u00a0<strong>\u200e\u201cAunque ven\u00eda trabajando muy bien, es una noticia que me tom\u00f3 por sorpresa. Esta clase de premiaciones tan importantes te motivan cada d\u00eda m\u00e1s, solo el hecho de poder estar nominado entre los mejores de Sudam\u00e9rica no me lo esperaba\u201d<\/strong>.<\/p>\n<p class=\"m_-5003614463949301689gmail-MsoNoSpacing\" style=\"text-align: justify;\">El dorsal \u201830\u2019 de la Furia Llanera es el segundo venezolano en participar en esta edici\u00f3n junto al criollo Luis Manuel Seijas del Internacional de Porto Alegre. El mediocampista del blanquinegro y de la Vinotinto dej\u00f3 en claro que esto lo compromete a seguir trabajando cada vez m\u00e1s.\u00a0<strong>\u201cEsto te obliga a seguir esforz\u00e1ndote cada d\u00eda para poder ser mejor. Lucho para seguirme esforzando y as\u00ed conseguir m\u00e1s cosas en mi carrera, una de ellas esa estrella que tanto quiero regalarle a mi equipo\u201d<\/strong>, remat\u00f3 Soteldo.<b>\u00a0<\/b><\/p>\n<p class=\"m_-5003614463949301689gmail-MsoNoSpacing\" style=\"text-align: justify;\">Del mismo modo, entre los 55 seleccionados saldr\u00e1 a relucir el once ideal de Sudam\u00e9rica, este junto al premio \u2018Rey de Am\u00e9rica\u2019, se seleccionar\u00e1 tras una votaci\u00f3n a trav\u00e9s de internet. El enlace oficial para poder votar lo podr\u00e1s encontrar en el Twitter oficial del club:\u00a0@ZamoraFutbolC.<\/p>\n<\/div>\n","protected":false},"excerpt":{"rendered":"<p>Freddy Bautista\u00a0\/ Prensa Zamora FC\u00a0&#8211;\u00a0El tradicional diario uruguayo &#8216;El Pa\u00eds&#8217;, dio a conocer la lista de 55 futbolistas nominados al premio &#8216;Rey de Am\u00e9rica&#8217; en su edici\u00f3n 2016, en la que est\u00e1 presente un atleta del Zamora F\u00fatbol Club: el juvenil Yeferson Soteldo. Este importante premio seleccionar\u00e1 al mejor del continente americano, reconocimiento que se &#8230;<\/p>\n","protected":false},"author":4,"featured_media":28058,"comment_status":"closed","ping_status":"closed","sticky":false,"template":"","format":"standard","meta":{"footnotes":""},"categories":[752,5,36,31,21],"tags":[1477,1852,1011,1847],"class_list":["post-33460","post","type-post","status-publish","format-standard","has-post-thumbnail","hentry","category-appgd","category-futbol-nacional","category-internacional","category-primera-division","category-zamora-fc","tag-internacional","tag-primera-division","tag-yeferson-soteldo","tag-zamora-fc"],"_links":{"self":[{"href":"http:\/\/gradadigital.com\/home\/wp-json\/wp\/v2\/posts\/33460","targetHints":{"allow":["GET"]}}],"collection":[{"href":"http:\/\/gradadigital.com\/home\/wp-json\/wp\/v2\/posts"}],"about":[{"href":"http:\/\/gradadigital.com\/home\/wp-json\/wp\/v2\/types\/post"}],"author":[{"embeddable":true,"href":"http:\/\/gradadigital.com\/home\/wp-json\/wp\/v2\/users\/4"}],"replies":[{"embeddable":true,"href":"http:\/\/gradadigital.com\/home\/wp-json\/wp\/v2\/comments?post=33460"}],"version-history":[{"count":4,"href":"http:\/\/gradadigital.com\/home\/wp-json\/wp\/v2\/posts\/33460\/revisions"}],"predecessor-version":[{"id":33478,"href":"http:\/\/gradadigital.com\/home\/wp-json\/wp\/v2\/posts\/33460\/revisions\/33478"}],"wp:featuredmedia":[{"embeddable":true,"href":"http:\/\/gradadigital.com\/home\/wp-json\/wp\/v2\/media\/28058"}],"wp:attachment":[{"href":"http:\/\/gradadigital.com\/home\/wp-json\/wp\/v2\/media?parent=33460"}],"wp:term":[{"taxonomy":"category","embeddable":true,"href":"http:\/\/gradadigital.com\/home\/wp-json\/wp\/v2\/categories?post=33460"},{"taxonomy":"post_tag","embeddable":true,"href":"http:\/\/gradadigital.com\/home\/wp-json\/wp\/v2\/tags?post=33460"}],"curies":[{"name":"wp","href":"https:\/\/api.w.org\/{rel}","templated":true}]}}