{"id":33436,"date":"2016-11-18T22:09:23","date_gmt":"2016-11-19T02:39:23","guid":{"rendered":"http:\/\/gradadigital.com\/home\/?p=33436"},"modified":"2016-11-20T11:52:06","modified_gmt":"2016-11-20T16:22:06","slug":"el-deportivo-lara-celebro-preventa-2017","status":"publish","type":"post","link":"http:\/\/gradadigital.com\/home\/el-deportivo-lara-celebro-preventa-2017\/","title":{"rendered":"El Deportivo Lara celebr\u00f3 preventa 2017"},"content":{"rendered":"<p style=\"text-align: center;\"><img loading=\"lazy\" decoding=\"async\" class=\"alignnone size-full wp-image-33438\" src=\"http:\/\/gradadigital.com\/home\/wp-content\/uploads\/2016\/11\/maria_alexandra_bastidas_ricardo_andreutti_preventa_lara_19112016_001.jpg\" alt=\"maria_alexandra_bastidas_ricardo_andreutti_preventa_lara_19112016_001\" width=\"682\" height=\"455\" srcset=\"http:\/\/gradadigital.com\/home\/wp-content\/uploads\/2016\/11\/maria_alexandra_bastidas_ricardo_andreutti_preventa_lara_19112016_001.jpg 682w, http:\/\/gradadigital.com\/home\/wp-content\/uploads\/2016\/11\/maria_alexandra_bastidas_ricardo_andreutti_preventa_lara_19112016_001-300x200.jpg 300w\" sizes=\"auto, (max-width: 682px) 100vw, 682px\" \/><\/p>\n<p style=\"text-align: justify;\"><strong>Prensa Deportivo Lara &#8211;<\/strong>\u00a0Alrededor de 250 personas hicieron acto de presencia en la Preventa de la temporada 2017 del Deportivo Lara en las instalaciones del hotel Trinitarias Suites de Barquisimeto en el que empresarios a nivel regional y nacional pudieron evaluar las oportunidades de exposici\u00f3n de marca de sus corporaciones en la organizaci\u00f3n rojinegra.<\/p>\n<p style=\"text-align: justify;\">Posibles inversores para el club, diferentes directivos de los medios de comunicaci\u00f3n de la entidad y del resto del pa\u00eds y personalidades de diversas \u00e1reas estuvieron en el evento de gala organizado por la instituci\u00f3n crepuscular, entre ellos, el gobernador del estado Lara, Abg. Henri Falc\u00f3n. Esta magna preventa fue moderada por la reconocida periodista de TLT, Gol TV y Meridiano, Mar\u00eda Alexandra Bastidas. En la etapa final de la actividad, la Orquesta Sinf\u00f3nica de Lara junto con el DJ Daniel Chong se encargaron de darle un cierre espectacular amenizando el ambiente con su m\u00fasica.<\/p>\n<p style=\"text-align: justify;\">El presidente del club, se\u00f1or Jorge Gim\u00e9nez, habl\u00f3 sobre la formidable velada vivida la noche de este jueves. <strong>\u201cEstoy muy agradecido con toda la asistencia que se logr\u00f3, con la presencia de los medios de comunicaci\u00f3n ya que son una ventana importante para el f\u00fatbol venezolano y el deporte en general, de parte de los empresarios hubo mucha receptividad, hicimos un evento con mucho cari\u00f1o y esfuerzo de parte nuestra para mostrarle a la gente que vamos en serio y que estamos comprometidos con el estado para la mejora del f\u00fatbol larense y nacional\u201d<\/strong>, manifest\u00f3 el mandam\u00e1s Gim\u00e9nez.<\/p>\n<p style=\"text-align: center;\"><img loading=\"lazy\" decoding=\"async\" class=\"alignnone size-full wp-image-33439\" src=\"http:\/\/gradadigital.com\/home\/wp-content\/uploads\/2016\/11\/jose_manuel_rey_preventa_lara_19112016_001.jpg\" alt=\"jose_manuel_rey_preventa_lara_19112016_001\" width=\"682\" height=\"455\" srcset=\"http:\/\/gradadigital.com\/home\/wp-content\/uploads\/2016\/11\/jose_manuel_rey_preventa_lara_19112016_001.jpg 682w, http:\/\/gradadigital.com\/home\/wp-content\/uploads\/2016\/11\/jose_manuel_rey_preventa_lara_19112016_001-300x200.jpg 300w\" sizes=\"auto, (max-width: 682px) 100vw, 682px\" \/><\/p>\n<p style=\"text-align: justify;\">El propietario capitalino revel\u00f3 el impacto e importancia que tiene la realizaci\u00f3n de estos eventos tanto para el f\u00fatbol nacional como para el mismo Deportivo Lara. <strong>\u201cTodas las empresas grandes hacen sus preventas y nosotros somos una empresa con esas magnitudes, y por ende, debemos hacerla tambi\u00e9n. Somos un referente en el deporte del estado y tenemos que as\u00ed demostrarlo, es una manera de expresar al empresario privado qu\u00e9 es lo que queremos para el a\u00f1o que viene y con la mano y la ayuda de ellos podemos hacer grandes cosas y a\u00f1o tras a\u00f1o repetirlas para seguir rindi\u00e9ndole cuentas de lo que se hizo, c\u00f3mo se hizo y hacia d\u00f3nde vamos a ir. Yo creo que la transparencia y explicarles el proyecto que es lo fundamental ser\u00e1 la forma en que se pueda hacer un gran equipo de trabajo\u201d<\/strong>.<\/p>\n<p style=\"text-align: justify;\"><strong>\u201cPorque es la manera de invertir en algo sano, est\u00e1n invirtiendo en el deporte y m\u00e1s a\u00fan en una disciplina que es muy popular en el pa\u00eds, siete de cada diez ni\u00f1os en el pa\u00eds juegan f\u00fatbol, esa es una estad\u00edstica real y qu\u00e9 mejor manera de darle una oportunidad de invertir sus ingresos, de exonerar IVA y de darle una mano amiga a los ni\u00f1os que actualmente lo necesitan. La idea es formar j\u00f3venes d\u00e1ndole competitividad sana, ense\u00f1\u00e1ndoles a trabajar en equipo inculc\u00e1ndole valores y principios, quiz\u00e1 para el d\u00eda de ma\u00f1ana algunos no llegar\u00e1n a jugar en la Primera Divisi\u00f3n, pero esta organizaci\u00f3n ser\u00eda parte de esa formaci\u00f3n de profesionales que queremos para un gran pa\u00eds\u201d<\/strong>, finaliz\u00f3 el se\u00f1or Jorge Gim\u00e9nez hablando sobre las razones por las cu\u00e1les el empresario nacional deber\u00eda invertir en el Deportivo Lara.<\/p>\n<p style=\"text-align: center;\"><img loading=\"lazy\" decoding=\"async\" class=\"alignnone size-full wp-image-33437\" src=\"http:\/\/gradadigital.com\/home\/wp-content\/uploads\/2016\/11\/preventa_lara_19112016_001.jpg\" alt=\"preventa_lara_19112016_001\" width=\"682\" height=\"455\" srcset=\"http:\/\/gradadigital.com\/home\/wp-content\/uploads\/2016\/11\/preventa_lara_19112016_001.jpg 682w, http:\/\/gradadigital.com\/home\/wp-content\/uploads\/2016\/11\/preventa_lara_19112016_001-300x200.jpg 300w\" sizes=\"auto, (max-width: 682px) 100vw, 682px\" \/><\/p>\n","protected":false},"excerpt":{"rendered":"<p>Prensa Deportivo Lara &#8211;\u00a0Alrededor de 250 personas hicieron acto de presencia en la Preventa de la temporada 2017 del Deportivo Lara en las instalaciones del hotel Trinitarias Suites de Barquisimeto en el que empresarios a nivel regional y nacional pudieron evaluar las oportunidades de exposici\u00f3n de marca de sus corporaciones en la organizaci\u00f3n rojinegra. Posibles &#8230;<\/p>\n","protected":false},"author":4,"featured_media":33438,"comment_status":"closed","ping_status":"closed","sticky":false,"template":"","format":"standard","meta":{"footnotes":""},"categories":[752,8,5,31],"tags":[62,1852],"class_list":["post-33436","post","type-post","status-publish","format-standard","has-post-thumbnail","hentry","category-appgd","category-cd-lara","category-futbol-nacional","category-primera-division","tag-deportivo-lara","tag-primera-division"],"_links":{"self":[{"href":"http:\/\/gradadigital.com\/home\/wp-json\/wp\/v2\/posts\/33436","targetHints":{"allow":["GET"]}}],"collection":[{"href":"http:\/\/gradadigital.com\/home\/wp-json\/wp\/v2\/posts"}],"about":[{"href":"http:\/\/gradadigital.com\/home\/wp-json\/wp\/v2\/types\/post"}],"author":[{"embeddable":true,"href":"http:\/\/gradadigital.com\/home\/wp-json\/wp\/v2\/users\/4"}],"replies":[{"embeddable":true,"href":"http:\/\/gradadigital.com\/home\/wp-json\/wp\/v2\/comments?post=33436"}],"version-history":[{"count":3,"href":"http:\/\/gradadigital.com\/home\/wp-json\/wp\/v2\/posts\/33436\/revisions"}],"predecessor-version":[{"id":33481,"href":"http:\/\/gradadigital.com\/home\/wp-json\/wp\/v2\/posts\/33436\/revisions\/33481"}],"wp:featuredmedia":[{"embeddable":true,"href":"http:\/\/gradadigital.com\/home\/wp-json\/wp\/v2\/media\/33438"}],"wp:attachment":[{"href":"http:\/\/gradadigital.com\/home\/wp-json\/wp\/v2\/media?parent=33436"}],"wp:term":[{"taxonomy":"category","embeddable":true,"href":"http:\/\/gradadigital.com\/home\/wp-json\/wp\/v2\/categories?post=33436"},{"taxonomy":"post_tag","embeddable":true,"href":"http:\/\/gradadigital.com\/home\/wp-json\/wp\/v2\/tags?post=33436"}],"curies":[{"name":"wp","href":"https:\/\/api.w.org\/{rel}","templated":true}]}}