{"id":33375,"date":"2016-11-15T21:00:42","date_gmt":"2016-11-16T01:30:42","guid":{"rendered":"http:\/\/gradadigital.com\/home\/?p=33375"},"modified":"2016-11-16T18:41:02","modified_gmt":"2016-11-16T23:11:02","slug":"quinteros-pudimos-ganar-por-mas-goles","status":"publish","type":"post","link":"http:\/\/gradadigital.com\/home\/quinteros-pudimos-ganar-por-mas-goles\/","title":{"rendered":"Quinteros: \u00abPudimos ganar por m\u00e1s goles\u00bb"},"content":{"rendered":"<p style=\"text-align: center;\"><img loading=\"lazy\" decoding=\"async\" class=\"alignnone size-full wp-image-33377\" src=\"http:\/\/gradadigital.com\/home\/wp-content\/uploads\/2016\/11\/gustavo_quinteros_ecuador_15112016.jpg\" alt=\"gustavo_quinteros_ecuador_15112016\" width=\"682\" height=\"455\" srcset=\"http:\/\/gradadigital.com\/home\/wp-content\/uploads\/2016\/11\/gustavo_quinteros_ecuador_15112016.jpg 682w, http:\/\/gradadigital.com\/home\/wp-content\/uploads\/2016\/11\/gustavo_quinteros_ecuador_15112016-300x200.jpg 300w\" sizes=\"auto, (max-width: 682px) 100vw, 682px\" \/><\/p>\n<p style=\"text-align: justify;\"><strong>EFE &#8211;<\/strong> El seleccionador de Ecuador, Gustavo Quinteros, asegur\u00f3 este martes, 15 de noviembre, al final del partido que gan\u00f3 la Tri por 3-0 a Venezuela en Quito que el resultado pudo ser m\u00e1s amplio.<\/p>\n<p style=\"text-align: justify;\"><strong>\u00abPudimos ganar por m\u00e1s goles el partido de hoy, por lo que el triunfo es merecido\u00bb<\/strong>, resalt\u00f3 Quinteros en una rueda de prensa.<\/p>\n<p style=\"text-align: justify;\">Quinteros agreg\u00f3 que en los primeros minutos Venezuela complic\u00f3 las cosas a la Tri, porque el equipo sali\u00f3 con un ritmo <strong>\u00abun poco pausado\u00bb<\/strong>.<\/p>\n<p style=\"text-align: justify;\">El entrenador tambi\u00e9n pidi\u00f3 el reconocimiento a sus dirigidos. <strong>\u00abLe hemos ganado a un buen rival. Por lo tanto hay que reconocer el trabajo de los jugadores ecuatorianos\u00bb<\/strong>.<\/p>\n<p style=\"text-align: justify;\"><strong>\u00abMe quedo conforme con el juego del equipo. Trabaj\u00f3 el partido, a pesar de las ausencias, este equipo sigue mejorando y eso es importante\u00bb<\/strong>.<\/p>\n","protected":false},"excerpt":{"rendered":"<p>EFE &#8211; El seleccionador de Ecuador, Gustavo Quinteros, asegur\u00f3 este martes, 15 de noviembre, al final del partido que gan\u00f3 la Tri por 3-0 a Venezuela en Quito que el resultado pudo ser m\u00e1s amplio. \u00abPudimos ganar por m\u00e1s goles el partido de hoy, por lo que el triunfo es merecido\u00bb, resalt\u00f3 Quinteros en una &#8230;<\/p>\n","protected":false},"author":3,"featured_media":33377,"comment_status":"closed","ping_status":"closed","sticky":false,"template":"","format":"standard","meta":{"footnotes":""},"categories":[752,1878,40,3],"tags":[654,1968,151,1975,985,71],"class_list":["post-33375","post","type-post","status-publish","format-standard","has-post-thumbnail","hentry","category-appgd","category-rusia-2018","category-seleccion-nacional-mayores","category-seleccion-nacional","tag-ecuador","tag-gustavo-quinteros","tag-la-vinotinto","tag-quito","tag-rusia-2018","tag-vinotinto"],"_links":{"self":[{"href":"http:\/\/gradadigital.com\/home\/wp-json\/wp\/v2\/posts\/33375","targetHints":{"allow":["GET"]}}],"collection":[{"href":"http:\/\/gradadigital.com\/home\/wp-json\/wp\/v2\/posts"}],"about":[{"href":"http:\/\/gradadigital.com\/home\/wp-json\/wp\/v2\/types\/post"}],"author":[{"embeddable":true,"href":"http:\/\/gradadigital.com\/home\/wp-json\/wp\/v2\/users\/3"}],"replies":[{"embeddable":true,"href":"http:\/\/gradadigital.com\/home\/wp-json\/wp\/v2\/comments?post=33375"}],"version-history":[{"count":2,"href":"http:\/\/gradadigital.com\/home\/wp-json\/wp\/v2\/posts\/33375\/revisions"}],"predecessor-version":[{"id":33381,"href":"http:\/\/gradadigital.com\/home\/wp-json\/wp\/v2\/posts\/33375\/revisions\/33381"}],"wp:featuredmedia":[{"embeddable":true,"href":"http:\/\/gradadigital.com\/home\/wp-json\/wp\/v2\/media\/33377"}],"wp:attachment":[{"href":"http:\/\/gradadigital.com\/home\/wp-json\/wp\/v2\/media?parent=33375"}],"wp:term":[{"taxonomy":"category","embeddable":true,"href":"http:\/\/gradadigital.com\/home\/wp-json\/wp\/v2\/categories?post=33375"},{"taxonomy":"post_tag","embeddable":true,"href":"http:\/\/gradadigital.com\/home\/wp-json\/wp\/v2\/tags?post=33375"}],"curies":[{"name":"wp","href":"https:\/\/api.w.org\/{rel}","templated":true}]}}