{"id":33305,"date":"2016-11-12T07:00:11","date_gmt":"2016-11-12T11:30:11","guid":{"rendered":"http:\/\/gradadigital.com\/home\/?p=33305"},"modified":"2016-11-24T07:18:38","modified_gmt":"2016-11-24T11:48:38","slug":"videofotos-la-vinotinto-inicio-entrenamientos-en-quito","status":"publish","type":"post","link":"http:\/\/gradadigital.com\/home\/videofotos-la-vinotinto-inicio-entrenamientos-en-quito\/","title":{"rendered":"+VIDEO\/FOTOS | La Vinotinto inici\u00f3 entrenamientos en Quito"},"content":{"rendered":"<p style=\"text-align: center;\"><img decoding=\"async\" src=\"http:\/\/gradadigital.com\/home\/wp-content\/uploads\/2016\/11\/vinotinto_entrenamiento_quito_11112016.jpg\" \/><\/p>\n<p style=\"text-align: justify;\"><strong>Eduardo Contreras &#8211;<\/strong>\u00a0La Selecci\u00f3n Nacional de Venezuela realiz\u00f3 la noche de este viernes, 11 de noviembre, su primer entrenamiento en la ciudad de Quito, donde el pr\u00f3ximo martes 15 enfrentar\u00e1 en el estadio Ol\u00edmpico Atahualpa a Ecuador, por la Jornada 12 de las Eliminatorias Sudamericanas rumbo al Mundial de Rusia 2018.<\/p>\n<p style=\"text-align: justify;\">La Vinotinto trabaj\u00f3 a puerta cerrada en la cancha del estadio \u2018Casa Blanca\u2019 del club ecuatoriano Liga de Quito.<\/p>\n<p style=\"text-align: justify;\">Se tiene previsto que el combinado criollo realice la tarde de hoy s\u00e1bado su segunda sesi\u00f3n de trabajo, esta vez en el complejo Deportivo La Armenia, sede del Club Deportivo Universidad Cat\u00f3lica de la capital del pa\u00eds meridional.<\/p>\n<p style=\"text-align: center;\"><strong>FOTOS<\/strong><br \/>\n<img decoding=\"async\" src=\"http:\/\/gradadigital.com\/home\/wp-content\/uploads\/2016\/11\/vinotinto_entrenamiento_quito_11112016_1.jpg\" \/><\/p>\n<p style=\"text-align: center;\"><img decoding=\"async\" src=\"http:\/\/gradadigital.com\/home\/wp-content\/uploads\/2016\/11\/tomas_rincon_entrenamiento_quito_11112016.jpg\" \/><\/p>\n<p style=\"text-align: center;\"><img decoding=\"async\" src=\"http:\/\/gradadigital.com\/home\/wp-content\/uploads\/2016\/11\/adalberto_penaranda_entrenamiento_quito_11112016.jpg\" \/><\/p>\n<p style=\"text-align: center;\"><img decoding=\"async\" src=\"http:\/\/gradadigital.com\/home\/wp-content\/uploads\/2016\/11\/luis_cariaco_gonzalez_entrenamiento_quito_11112016.jpg\" \/><\/p>\n<p style=\"text-align: center;\"><img decoding=\"async\" src=\"http:\/\/gradadigital.com\/home\/wp-content\/uploads\/2016\/11\/wilker_angel_entrenamiento_quito_11112016.jpg\" \/><\/p>\n<p style=\"text-align: center;\"><img decoding=\"async\" src=\"http:\/\/gradadigital.com\/home\/wp-content\/uploads\/2016\/11\/christian_santos_entrenamiento_quito_11112016.jpg\" \/><\/p>\n<p style=\"text-align: center;\"><img decoding=\"async\" src=\"http:\/\/gradadigital.com\/home\/wp-content\/uploads\/2016\/11\/jhon_chancellor_entrenamiento_quito_11112016.jpg\" \/><\/p>\n<p style=\"text-align: center;\"><img decoding=\"async\" src=\"http:\/\/gradadigital.com\/home\/wp-content\/uploads\/2016\/11\/yangel_herrera_entrenamiento_quito_11112016.jpg\" \/><\/p>\n<p style=\"text-align: center;\"><img decoding=\"async\" src=\"http:\/\/gradadigital.com\/home\/wp-content\/uploads\/2016\/11\/roberto_rosales_entrenamiento_quito_11112016.jpg\" \/><\/p>\n<p style=\"text-align: center;\"><strong>VIDEO<\/strong><br \/>\n<video id=\"video\" controls=\"controls\" width=\"621\" height=\"621\"><source type=\"video\/mp4\" src=\"http:\/\/scontent-iad3-1.cdninstagram.com\/t50.2886-16\/15051752_1150310098337444_4428015156512948224_n.mp4\" \/><\/video><\/p>\n","protected":false},"excerpt":{"rendered":"<p>Eduardo Contreras &#8211;\u00a0La Selecci\u00f3n Nacional de Venezuela realiz\u00f3 la noche de este viernes, 11 de noviembre, su primer entrenamiento en la ciudad de Quito, donde el pr\u00f3ximo martes 15 enfrentar\u00e1 en el estadio Ol\u00edmpico Atahualpa a Ecuador, por la Jornada 12 de las Eliminatorias Sudamericanas rumbo al Mundial de Rusia 2018. La Vinotinto trabaj\u00f3 a &#8230;<\/p>\n","protected":false},"author":3,"featured_media":33310,"comment_status":"closed","ping_status":"closed","sticky":false,"template":"","format":"standard","meta":{"footnotes":""},"categories":[43,27,752,1878,40,3],"tags":[654,151,1975,985,71],"class_list":["post-33305","post","type-post","status-publish","format-standard","has-post-thumbnail","hentry","category-fotos","category-video","category-appgd","category-rusia-2018","category-seleccion-nacional-mayores","category-seleccion-nacional","tag-ecuador","tag-la-vinotinto","tag-quito","tag-rusia-2018","tag-vinotinto"],"_links":{"self":[{"href":"http:\/\/gradadigital.com\/home\/wp-json\/wp\/v2\/posts\/33305","targetHints":{"allow":["GET"]}}],"collection":[{"href":"http:\/\/gradadigital.com\/home\/wp-json\/wp\/v2\/posts"}],"about":[{"href":"http:\/\/gradadigital.com\/home\/wp-json\/wp\/v2\/types\/post"}],"author":[{"embeddable":true,"href":"http:\/\/gradadigital.com\/home\/wp-json\/wp\/v2\/users\/3"}],"replies":[{"embeddable":true,"href":"http:\/\/gradadigital.com\/home\/wp-json\/wp\/v2\/comments?post=33305"}],"version-history":[{"count":3,"href":"http:\/\/gradadigital.com\/home\/wp-json\/wp\/v2\/posts\/33305\/revisions"}],"predecessor-version":[{"id":33584,"href":"http:\/\/gradadigital.com\/home\/wp-json\/wp\/v2\/posts\/33305\/revisions\/33584"}],"wp:featuredmedia":[{"embeddable":true,"href":"http:\/\/gradadigital.com\/home\/wp-json\/wp\/v2\/media\/33310"}],"wp:attachment":[{"href":"http:\/\/gradadigital.com\/home\/wp-json\/wp\/v2\/media?parent=33305"}],"wp:term":[{"taxonomy":"category","embeddable":true,"href":"http:\/\/gradadigital.com\/home\/wp-json\/wp\/v2\/categories?post=33305"},{"taxonomy":"post_tag","embeddable":true,"href":"http:\/\/gradadigital.com\/home\/wp-json\/wp\/v2\/tags?post=33305"}],"curies":[{"name":"wp","href":"https:\/\/api.w.org\/{rel}","templated":true}]}}