{"id":33296,"date":"2016-11-11T18:03:46","date_gmt":"2016-11-11T22:33:46","guid":{"rendered":"http:\/\/gradadigital.com\/home\/?p=33296"},"modified":"2016-11-12T10:04:19","modified_gmt":"2016-11-12T14:34:19","slug":"fotos-asi-fue-la-llegada-de-la-vinotinto-a-quito","status":"publish","type":"post","link":"http:\/\/gradadigital.com\/home\/fotos-asi-fue-la-llegada-de-la-vinotinto-a-quito\/","title":{"rendered":"FOTOS | As\u00ed fue la llegada de la Vinotinto a Quito"},"content":{"rendered":"<p style=\"text-align: center;\"><img decoding=\"async\" src=\"http:\/\/gradadigital.com\/home\/wp-content\/uploads\/2016\/11\/jhon_murillo_11112016_1.jpg\" \/><\/p>\n<p style=\"text-align: justify;\"><strong>GradaDigital.com\u00a0&#8211;<\/strong> La Selecci\u00f3n Nacional de Venezuela arrib\u00f3 la tarde de este viernes, 11 de noviembre, a la ciudad de Quito, donde el pr\u00f3ximo martes 15 enfrentar\u00e1 en el estadio Ol\u00edmpico Atahualpa a Ecuador por la Jornada 12 de las Eliminatorias Sudamericanas al Mundial de Rusia 2018. \u00a1Mira las fotograf\u00edas de la llegada Vinotinto!<\/p>\n<p style=\"text-align: center;\"><img decoding=\"async\" src=\"http:\/\/gradadigital.com\/home\/wp-content\/uploads\/2016\/11\/christian_santos_11112016.jpg\" \/><\/p>\n<p style=\"text-align: center;\"><img decoding=\"async\" src=\"http:\/\/gradadigital.com\/home\/wp-content\/uploads\/2016\/11\/luis_cariaco_gonzalez_romulo_otero_11112016.jpg\" \/><\/p>\n<p style=\"text-align: center;\"><img decoding=\"async\" src=\"http:\/\/gradadigital.com\/home\/wp-content\/uploads\/2016\/11\/jhon_murillo_11112016.jpg\" \/><\/p>\n<p style=\"text-align: center;\"><img decoding=\"async\" src=\"http:\/\/gradadigital.com\/home\/wp-content\/uploads\/2016\/11\/jacobo_kufatty_11112016.jpg\" \/><\/p>\n<p style=\"text-align: center;\"><img decoding=\"async\" src=\"http:\/\/gradadigital.com\/home\/wp-content\/uploads\/2016\/11\/rafael_dudamel_11112016.jpg\" \/><\/p>\n","protected":false},"excerpt":{"rendered":"<p>GradaDigital.com\u00a0&#8211; La Selecci\u00f3n Nacional de Venezuela arrib\u00f3 la tarde de este viernes, 11 de noviembre, a la ciudad de Quito, donde el pr\u00f3ximo martes 15 enfrentar\u00e1 en el estadio Ol\u00edmpico Atahualpa a Ecuador por la Jornada 12 de las Eliminatorias Sudamericanas al Mundial de Rusia 2018. \u00a1Mira las fotograf\u00edas de la llegada Vinotinto!<\/p>\n","protected":false},"author":3,"featured_media":33295,"comment_status":"closed","ping_status":"closed","sticky":false,"template":"","format":"standard","meta":{"footnotes":""},"categories":[43,752,1878,40,3],"tags":[654,151,1975,985,71],"class_list":["post-33296","post","type-post","status-publish","format-standard","has-post-thumbnail","hentry","category-fotos","category-appgd","category-rusia-2018","category-seleccion-nacional-mayores","category-seleccion-nacional","tag-ecuador","tag-la-vinotinto","tag-quito","tag-rusia-2018","tag-vinotinto"],"_links":{"self":[{"href":"http:\/\/gradadigital.com\/home\/wp-json\/wp\/v2\/posts\/33296","targetHints":{"allow":["GET"]}}],"collection":[{"href":"http:\/\/gradadigital.com\/home\/wp-json\/wp\/v2\/posts"}],"about":[{"href":"http:\/\/gradadigital.com\/home\/wp-json\/wp\/v2\/types\/post"}],"author":[{"embeddable":true,"href":"http:\/\/gradadigital.com\/home\/wp-json\/wp\/v2\/users\/3"}],"replies":[{"embeddable":true,"href":"http:\/\/gradadigital.com\/home\/wp-json\/wp\/v2\/comments?post=33296"}],"version-history":[{"count":1,"href":"http:\/\/gradadigital.com\/home\/wp-json\/wp\/v2\/posts\/33296\/revisions"}],"predecessor-version":[{"id":33300,"href":"http:\/\/gradadigital.com\/home\/wp-json\/wp\/v2\/posts\/33296\/revisions\/33300"}],"wp:featuredmedia":[{"embeddable":true,"href":"http:\/\/gradadigital.com\/home\/wp-json\/wp\/v2\/media\/33295"}],"wp:attachment":[{"href":"http:\/\/gradadigital.com\/home\/wp-json\/wp\/v2\/media?parent=33296"}],"wp:term":[{"taxonomy":"category","embeddable":true,"href":"http:\/\/gradadigital.com\/home\/wp-json\/wp\/v2\/categories?post=33296"},{"taxonomy":"post_tag","embeddable":true,"href":"http:\/\/gradadigital.com\/home\/wp-json\/wp\/v2\/tags?post=33296"}],"curies":[{"name":"wp","href":"https:\/\/api.w.org\/{rel}","templated":true}]}}