{"id":33281,"date":"2016-11-11T10:22:47","date_gmt":"2016-11-11T14:52:47","guid":{"rendered":"http:\/\/gradadigital.com\/home\/?p=33281"},"modified":"2016-11-12T13:19:25","modified_gmt":"2016-11-12T17:49:25","slug":"audio-kuffaty-trabaje-demasiado-para-volver-a-estar-en-la-seleccion","status":"publish","type":"post","link":"http:\/\/gradadigital.com\/home\/audio-kuffaty-trabaje-demasiado-para-volver-a-estar-en-la-seleccion\/","title":{"rendered":"+AUDIO | Kuffaty: \u00abTrabaj\u00e9 demasiado para volver a estar en la selecci\u00f3n\u00bb"},"content":{"rendered":"<p style=\"text-align: center;\"><img decoding=\"async\" src=\"http:\/\/gradadigital.com\/home\/wp-content\/uploads\/2016\/11\/jacobo_kufatty_venezuela_bolivia_10112016.jpg\" \/><\/p>\n<p style=\"text-align: justify;\"><strong>Eduardo Contreras &#8211;<\/strong> Sin duda alguna el f\u00fatbol da revanchas. <span style=\"color: #0000ff;\"><a style=\"color: #0000ff;\" href=\"http:\/\/gradadigital.com\/home\/jacobo-kuffaty-trabajare-mucho-mas-para-volver-mas-fuerte\/\">Luego de tener el pasado 6 de septiembre, ante Argentina, un desafortunado debut en las Eliminatorias Sudamericanas al Mundial de Rusia 2018<\/a><\/span>, Jacobo Kuffaty volvi\u00f3 a vestir este jueves, 10 de noviembre, la camiseta Vinotinto. Esta vez fue titular, jug\u00f3 en la tierra que lo vio nacer (Matur\u00edn) y anot\u00f3 el primer tanto en la goleada (5-0) de Venezuela frente a Bolivia por la Jornada 11 del premundial sudamericano.<\/p>\n<p style=\"text-align: justify;\"><strong>\u201cSolo tengo palabras de agradecimiento con Dios por este momento tan hermoso que se est\u00e1 dando en mi carrera\u201d<\/strong>, coment\u00f3 de entrada el jugador del Deportivo Cuenca ecuatoriano. <strong>\u201cUna revancha muy r\u00e1pida, sal\u00ed de una lesi\u00f3n que me cost\u00f3 mucho. Trabaj\u00e9 demasiado para volver a estar aqu\u00ed, el &#8216;profe&#8217; me da la confianza nuevamente y qu\u00e9 mejor manera de volver\u201d<\/strong>, prosigui\u00f3.<\/p>\n<p style=\"text-align: justify;\">Sobre los dos partidos anteriores de Eliminatorias (Uruguay y Brasil) que se perdi\u00f3 por la lesi\u00f3n dijo: <strong>\u201cFue muy duro para m\u00ed, sufr\u00ed mucho. Lo primero que te pasa por la cabeza es volver y tratar de hacer las cosas bien. Tuve que aceptar que ten\u00eda que recuperarme bien antes de volver\u201d<\/strong>.<\/p>\n<p style=\"text-align: justify;\">En la rueda de prensa previa al partido, el estratega Rafael Dudamel adelantaba que en el once inicial\u00a0estar\u00edan dos futbolistas monaguenses, sobre esto Jacobo confes\u00f3: <strong>\u201cYa sab\u00eda por la manera en la que \u00edbamos\u00a0trabajando en la semana. Ya sab\u00edamos el partido que Rafa quer\u00eda plantear y se nos da la oportunidad a Renzo (Zambrano) y a m\u00ed de estar en el once\u201d<\/strong>. Habl\u00f3 de su amistad con el mediocampista del Real Valladolid, quien adem\u00e1s es su compadre: <strong>\u201cJugamos juntos aqu\u00ed en Monagas, compartimos mucho tiempo. Cuando est\u00e1bamos ni\u00f1os, que ten\u00edamos 15 o 16 a\u00f1os, dec\u00edamos que en alg\u00fan momento estar\u00edamos en la selecci\u00f3n compartiendo dentro de la cancha de titulares y creo que el sue\u00f1o se hizo realidad\u201d<\/strong>.<\/p>\n<p style=\"text-align: justify;\">Venezuela enfrentar\u00e1 el pr\u00f3ximo martes 15 en Quito a Ecuador, pa\u00eds donde actualmente hace vida futbol\u00edstica el criollo, que para finalizar dijo: <strong>\u201cCada d\u00eda voy agarrando m\u00e1s ritmo y me voy sintiendo mejor\u201d<\/strong>.<\/p>\n<p style=\"text-align: center;\"><strong>AUDIO<\/strong><br \/>\n<audio id=\"audio-24737-1\" class=\"wp-audio-shortcode\" style=\"width: 100%;\" preload=\"none\" controls=\"controls\"><source type=\"audio\/mpeg\" src=\"http:\/\/gradadigital.com\/home\/wp-content\/uploads\/2016\/11\/audio_jacobo_kuffaty_10112016.m4a\" \/><a href=\"http:\/\/gradadigital.com\/home\/wp-content\/uploads\/2016\/11\/audio_jacobo_kuffaty_10112016.m4a\">http:\/\/gradadigital.com\/home\/wp-content\/uploads\/2016\/11\/audio_jacobo_kuffaty_10112016.m4a<\/a><\/audio><\/p>\n","protected":false},"excerpt":{"rendered":"<p>Eduardo Contreras &#8211; Sin duda alguna el f\u00fatbol da revanchas. Luego de tener el pasado 6 de septiembre, ante Argentina, un desafortunado debut en las Eliminatorias Sudamericanas al Mundial de Rusia 2018, Jacobo Kuffaty volvi\u00f3 a vestir este jueves, 10 de noviembre, la camiseta Vinotinto. Esta vez fue titular, jug\u00f3 en la tierra que lo &#8230;<\/p>\n","protected":false},"author":3,"featured_media":33284,"comment_status":"closed","ping_status":"closed","sticky":false,"template":"","format":"standard","meta":{"footnotes":""},"categories":[752,1878,40,3],"tags":[1659,1974,151,985,71],"class_list":["post-33281","post","type-post","status-publish","format-standard","has-post-thumbnail","hentry","category-appgd","category-rusia-2018","category-seleccion-nacional-mayores","category-seleccion-nacional","tag-eliminatorias","tag-jacobo-kuffaty","tag-la-vinotinto","tag-rusia-2018","tag-vinotinto"],"_links":{"self":[{"href":"http:\/\/gradadigital.com\/home\/wp-json\/wp\/v2\/posts\/33281","targetHints":{"allow":["GET"]}}],"collection":[{"href":"http:\/\/gradadigital.com\/home\/wp-json\/wp\/v2\/posts"}],"about":[{"href":"http:\/\/gradadigital.com\/home\/wp-json\/wp\/v2\/types\/post"}],"author":[{"embeddable":true,"href":"http:\/\/gradadigital.com\/home\/wp-json\/wp\/v2\/users\/3"}],"replies":[{"embeddable":true,"href":"http:\/\/gradadigital.com\/home\/wp-json\/wp\/v2\/comments?post=33281"}],"version-history":[{"count":4,"href":"http:\/\/gradadigital.com\/home\/wp-json\/wp\/v2\/posts\/33281\/revisions"}],"predecessor-version":[{"id":33323,"href":"http:\/\/gradadigital.com\/home\/wp-json\/wp\/v2\/posts\/33281\/revisions\/33323"}],"wp:featuredmedia":[{"embeddable":true,"href":"http:\/\/gradadigital.com\/home\/wp-json\/wp\/v2\/media\/33284"}],"wp:attachment":[{"href":"http:\/\/gradadigital.com\/home\/wp-json\/wp\/v2\/media?parent=33281"}],"wp:term":[{"taxonomy":"category","embeddable":true,"href":"http:\/\/gradadigital.com\/home\/wp-json\/wp\/v2\/categories?post=33281"},{"taxonomy":"post_tag","embeddable":true,"href":"http:\/\/gradadigital.com\/home\/wp-json\/wp\/v2\/tags?post=33281"}],"curies":[{"name":"wp","href":"https:\/\/api.w.org\/{rel}","templated":true}]}}