{"id":33229,"date":"2016-11-11T01:39:21","date_gmt":"2016-11-11T06:09:21","guid":{"rendered":"http:\/\/gradadigital.com\/home\/?p=33229"},"modified":"2016-11-11T12:41:21","modified_gmt":"2016-11-11T17:11:21","slug":"quinteros-el-partido-ante-venezuela-es-una-final-anticipada-para-nosotros","status":"publish","type":"post","link":"http:\/\/gradadigital.com\/home\/quinteros-el-partido-ante-venezuela-es-una-final-anticipada-para-nosotros\/","title":{"rendered":"Quinteros: \u00abEl partido ante Venezuela es una final anticipada para nosotros\u00bb"},"content":{"rendered":"<p style=\"text-align: center;\"><img loading=\"lazy\" decoding=\"async\" class=\"alignnone size-full wp-image-23608\" src=\"http:\/\/gradadigital.com\/home\/wp-content\/uploads\/2015\/11\/gustavo_quinteros_venezuela_ecuador_17112015.jpg\" alt=\"gustavo_quinteros_venezuela_ecuador_17112015\" width=\"682\" height=\"455\" srcset=\"http:\/\/gradadigital.com\/home\/wp-content\/uploads\/2015\/11\/gustavo_quinteros_venezuela_ecuador_17112015.jpg 682w, http:\/\/gradadigital.com\/home\/wp-content\/uploads\/2015\/11\/gustavo_quinteros_venezuela_ecuador_17112015-300x200.jpg 300w\" sizes=\"auto, (max-width: 682px) 100vw, 682px\" \/><\/p>\n<p style=\"text-align: justify;\"><strong>EFE &#8211;<\/strong> El seleccionador de Ecuador, Gustavo Quinteros, indic\u00f3 este jueves, 10 de noviembre, en\u00a0rueda de prensa tras perder 2-1 con Uruguay, que el partido del martes contra Venezuela ser\u00e1 una <strong>\u00abfinal anticipada\u00bb<\/strong> porque su equipo necesita <strong>\u00absumar de a tres puntos\u00bb<\/strong>.<\/p>\n<p style=\"text-align: justify;\">Quinteros se refiri\u00f3 al duelo del pr\u00f3ximo martes contra la Vinotinto y reconoci\u00f3 que le <strong>\u00abpreocupa que el equipo empiece impreciso\u00bb<\/strong>, como lo hizo hoy en Uruguay por la und\u00e9cima fecha de las eliminatorias al Mundial de Rusia 2018.<\/p>\n<p style=\"text-align: justify;\">Venezuela <strong>\u00abes un rival que tiene muy buenos jugadores, que ataca bien y r\u00e1pido y que tiene menos puntos de los que merece\u00bb<\/strong>, afirm\u00f3 el entrenador de Ecuador.<\/p>\n<p style=\"text-align: justify;\">Quinteros se\u00f1al\u00f3 que la Celeste esta noche no le permiti\u00f3 a sus futbolistas <strong>\u00abllegar con claridad\u00bb<\/strong> al \u00e1rea rival.<\/p>\n<p style=\"text-align: justify;\"><strong>\u00abCuando empatamos se puso en ventaja de forma muy r\u00e1pida, nos cerr\u00f3 los espacios y marc\u00f3 mucho\u00bb<\/strong>, a\u00f1adi\u00f3.<\/p>\n<p style=\"text-align: justify;\"><strong>\u00abEstoy muy conforme con el juego, el resultado duele y sobre todo por c\u00f3mo fue el primer gol\u00bb<\/strong>, a\u00f1adi\u00f3 Quinteros.<\/p>\n<p style=\"text-align: justify;\">Ecuador, que se mantiene en el cuarto puesto con 17 puntos, se medir\u00e1 de local este martes con Venezuela en Quito.<\/p>\n","protected":false},"excerpt":{"rendered":"<p>EFE &#8211; El seleccionador de Ecuador, Gustavo Quinteros, indic\u00f3 este jueves, 10 de noviembre, en\u00a0rueda de prensa tras perder 2-1 con Uruguay, que el partido del martes contra Venezuela ser\u00e1 una \u00abfinal anticipada\u00bb porque su equipo necesita \u00absumar de a tres puntos\u00bb. Quinteros se refiri\u00f3 al duelo del pr\u00f3ximo martes contra la Vinotinto y reconoci\u00f3 &#8230;<\/p>\n","protected":false},"author":3,"featured_media":23608,"comment_status":"closed","ping_status":"closed","sticky":false,"template":"","format":"standard","meta":{"footnotes":""},"categories":[752,1878,40,3],"tags":[654,1968,151,985,71],"class_list":["post-33229","post","type-post","status-publish","format-standard","has-post-thumbnail","hentry","category-appgd","category-rusia-2018","category-seleccion-nacional-mayores","category-seleccion-nacional","tag-ecuador","tag-gustavo-quinteros","tag-la-vinotinto","tag-rusia-2018","tag-vinotinto"],"_links":{"self":[{"href":"http:\/\/gradadigital.com\/home\/wp-json\/wp\/v2\/posts\/33229","targetHints":{"allow":["GET"]}}],"collection":[{"href":"http:\/\/gradadigital.com\/home\/wp-json\/wp\/v2\/posts"}],"about":[{"href":"http:\/\/gradadigital.com\/home\/wp-json\/wp\/v2\/types\/post"}],"author":[{"embeddable":true,"href":"http:\/\/gradadigital.com\/home\/wp-json\/wp\/v2\/users\/3"}],"replies":[{"embeddable":true,"href":"http:\/\/gradadigital.com\/home\/wp-json\/wp\/v2\/comments?post=33229"}],"version-history":[{"count":4,"href":"http:\/\/gradadigital.com\/home\/wp-json\/wp\/v2\/posts\/33229\/revisions"}],"predecessor-version":[{"id":33274,"href":"http:\/\/gradadigital.com\/home\/wp-json\/wp\/v2\/posts\/33229\/revisions\/33274"}],"wp:featuredmedia":[{"embeddable":true,"href":"http:\/\/gradadigital.com\/home\/wp-json\/wp\/v2\/media\/23608"}],"wp:attachment":[{"href":"http:\/\/gradadigital.com\/home\/wp-json\/wp\/v2\/media?parent=33229"}],"wp:term":[{"taxonomy":"category","embeddable":true,"href":"http:\/\/gradadigital.com\/home\/wp-json\/wp\/v2\/categories?post=33229"},{"taxonomy":"post_tag","embeddable":true,"href":"http:\/\/gradadigital.com\/home\/wp-json\/wp\/v2\/tags?post=33229"}],"curies":[{"name":"wp","href":"https:\/\/api.w.org\/{rel}","templated":true}]}}