{"id":33188,"date":"2016-11-10T09:43:59","date_gmt":"2016-11-10T14:13:59","guid":{"rendered":"http:\/\/gradadigital.com\/home\/?p=33188"},"modified":"2016-11-24T08:29:00","modified_gmt":"2016-11-24T12:59:00","slug":"la-fbf-hizo-reclamo-ante-la-fifa-por-el-mal-estado-de-cancha-del-monumental","status":"publish","type":"post","link":"http:\/\/gradadigital.com\/home\/la-fbf-hizo-reclamo-ante-la-fifa-por-el-mal-estado-de-cancha-del-monumental\/","title":{"rendered":"La FBF reclam\u00f3 ante la FIFA por el mal estado de la cancha del Monumental"},"content":{"rendered":"<p style=\"text-align: center;\"><img loading=\"lazy\" decoding=\"async\" class=\"alignnone size-full wp-image-33189\" src=\"http:\/\/gradadigital.com\/home\/wp-content\/uploads\/2016\/11\/estadio_monumental_maturin_venezuela_bolivia_10112016.jpg\" alt=\"estadio_monumental_maturin_venezuela_bolivia_10112016\" width=\"682\" height=\"455\" srcset=\"http:\/\/gradadigital.com\/home\/wp-content\/uploads\/2016\/11\/estadio_monumental_maturin_venezuela_bolivia_10112016.jpg 682w, http:\/\/gradadigital.com\/home\/wp-content\/uploads\/2016\/11\/estadio_monumental_maturin_venezuela_bolivia_10112016-300x200.jpg 300w\" sizes=\"auto, (max-width: 682px) 100vw, 682px\" \/><\/p>\n<p style=\"text-align: justify;\"><strong>Eduardo Contreras\u00a0&#8211;<\/strong> Debido al mal estado de la cancha del estadio Monumental de Matur\u00edn, la Federaci\u00f3n Boliviana de F\u00fatbol (FBF) realiz\u00f3 un reclamo ante la FIFA, seg\u00fan han rese\u00f1ado los medios de comunicaci\u00f3n bolivianos.<\/p>\n<p style=\"text-align: justify;\"><strong>\u00abLa FBF elev\u00f3 un reclamo a la FIFA para indicar su molestia por esta situaci\u00f3n que puede perjudicar el desarrollo del juego, mientras que algunos seleccionados expresaron su preocupaci\u00f3n y temor ante el riesgo de sufrir lesiones por un campo que presenta estas condiciones\u00bb<\/strong>, expresa una nota publicada en el portal web Diez.bo.<\/p>\n<p style=\"text-align: justify;\">Venezuela y Bolivia se medir\u00e1n esta noche, a las 7:30, por la Jornada 11 de las Eliminatorias Sudamericanas rumbo al Mundial de Rusia 2018.<\/p>\n","protected":false},"excerpt":{"rendered":"<p>Eduardo Contreras\u00a0&#8211; Debido al mal estado de la cancha del estadio Monumental de Matur\u00edn, la Federaci\u00f3n Boliviana de F\u00fatbol (FBF) realiz\u00f3 un reclamo ante la FIFA, seg\u00fan han rese\u00f1ado los medios de comunicaci\u00f3n bolivianos. \u00abLa FBF elev\u00f3 un reclamo a la FIFA para indicar su molestia por esta situaci\u00f3n que puede perjudicar el desarrollo del &#8230;<\/p>\n","protected":false},"author":4,"featured_media":33189,"comment_status":"closed","ping_status":"closed","sticky":false,"template":"","format":"standard","meta":{"footnotes":""},"categories":[752,1878,40,3],"tags":[1568,1569,110,1965,191],"class_list":["post-33188","post","type-post","status-publish","format-standard","has-post-thumbnail","hentry","category-appgd","category-rusia-2018","category-seleccion-nacional-mayores","category-seleccion-nacional","tag-fbf","tag-federacion-boliviana-de-futbol","tag-fifa","tag-maturin","tag-monumental"],"_links":{"self":[{"href":"http:\/\/gradadigital.com\/home\/wp-json\/wp\/v2\/posts\/33188","targetHints":{"allow":["GET"]}}],"collection":[{"href":"http:\/\/gradadigital.com\/home\/wp-json\/wp\/v2\/posts"}],"about":[{"href":"http:\/\/gradadigital.com\/home\/wp-json\/wp\/v2\/types\/post"}],"author":[{"embeddable":true,"href":"http:\/\/gradadigital.com\/home\/wp-json\/wp\/v2\/users\/4"}],"replies":[{"embeddable":true,"href":"http:\/\/gradadigital.com\/home\/wp-json\/wp\/v2\/comments?post=33188"}],"version-history":[{"count":5,"href":"http:\/\/gradadigital.com\/home\/wp-json\/wp\/v2\/posts\/33188\/revisions"}],"predecessor-version":[{"id":33591,"href":"http:\/\/gradadigital.com\/home\/wp-json\/wp\/v2\/posts\/33188\/revisions\/33591"}],"wp:featuredmedia":[{"embeddable":true,"href":"http:\/\/gradadigital.com\/home\/wp-json\/wp\/v2\/media\/33189"}],"wp:attachment":[{"href":"http:\/\/gradadigital.com\/home\/wp-json\/wp\/v2\/media?parent=33188"}],"wp:term":[{"taxonomy":"category","embeddable":true,"href":"http:\/\/gradadigital.com\/home\/wp-json\/wp\/v2\/categories?post=33188"},{"taxonomy":"post_tag","embeddable":true,"href":"http:\/\/gradadigital.com\/home\/wp-json\/wp\/v2\/tags?post=33188"}],"curies":[{"name":"wp","href":"https:\/\/api.w.org\/{rel}","templated":true}]}}