{"id":33180,"date":"2016-11-09T23:20:00","date_gmt":"2016-11-10T03:50:00","guid":{"rendered":"http:\/\/gradadigital.com\/home\/?p=33180"},"modified":"2016-11-10T00:35:47","modified_gmt":"2016-11-10T05:05:47","slug":"rafael-dudamel-nos-incumplieron-es-una-pena-el-estado-de-la-cancha","status":"publish","type":"post","link":"http:\/\/gradadigital.com\/home\/rafael-dudamel-nos-incumplieron-es-una-pena-el-estado-de-la-cancha\/","title":{"rendered":"+AUDIO | Rafael Dudamel: \u00abNos incumplieron. Es una pena el estado de la cancha\u00bb"},"content":{"rendered":"<p style=\"text-align: center;\"><img loading=\"lazy\" decoding=\"async\" class=\"alignnone size-full wp-image-33154\" src=\"http:\/\/gradadigital.com\/home\/wp-content\/uploads\/2016\/11\/estadio_monumental_maturin_venezuela_bolivia_08112016_006.jpg\" alt=\"estadio_monumental_maturin_venezuela_bolivia_08112016_006\" width=\"682\" height=\"455\" srcset=\"http:\/\/gradadigital.com\/home\/wp-content\/uploads\/2016\/11\/estadio_monumental_maturin_venezuela_bolivia_08112016_006.jpg 682w, http:\/\/gradadigital.com\/home\/wp-content\/uploads\/2016\/11\/estadio_monumental_maturin_venezuela_bolivia_08112016_006-300x200.jpg 300w\" sizes=\"auto, (max-width: 682px) 100vw, 682px\" \/><\/p>\n<p style=\"text-align: justify;\"><strong>AFP &#8211;<\/strong> El mal estado del campo del Estadio Monumental de Matur\u00edn, que recibir\u00e1 este jueves el partido entre Venezuela y Bolivia por la und\u00e9cima fecha de la clasificatoria sudamericana al Mundial de Rusia-2018, gener\u00f3 protestas de la selecci\u00f3n local.<\/p>\n<p style=\"text-align: justify;\"><strong>\u00abVer la cancha me dio amargura y mucha tristeza. En vez de hablar de f\u00fatbol, nos toca hablar de la cancha, que pasa a ser actor principal, porque no est\u00e1 ni cerca de lo que debe ser un escenario para la alta competencia\u00bb<\/strong>, se quej\u00f3 el seleccionador venezolano, Rafael Dudamel, en rueda de prensa.<\/p>\n<p style=\"text-align: justify;\"><strong>\u00abNos incumplieron\u00bb<\/strong>, agreg\u00f3 Dudamel, al acusar a los organizadores de romper sus compromisos.<\/p>\n<p style=\"text-align: justify;\">El Monumental, construido por la Copa Am\u00e9rica de Venezuela 2007, es el estadio con mayor aforo en el pa\u00eds caribe\u00f1o, con capacidad para 52.000 espectadores.<\/p>\n<p style=\"text-align: justify;\">La gobernaci\u00f3n del estado Monagas (noreste), cuya capital es Matur\u00edn, inici\u00f3 obras para la recuperaci\u00f3n del c\u00e9sped el mes pasado, pero en la noche del mi\u00e9rcoles a\u00fan trabajadores intentaban ponerlo a punto a contrarreloj.<\/p>\n<p style=\"text-align: justify;\"><strong>\u00abEs una pena el estado de la cancha y ya no tenemos otra alternativa\u00bb<\/strong>, manifest\u00f3 el t\u00e9cnico vinotinto.<\/p>\n<p style=\"text-align: justify;\">Venezuela jam\u00e1s ha disputado un compromiso premundialista en el Monumental. Se present\u00f3 all\u00ed por \u00faltima ocasi\u00f3n el 12 de febrero de 2009, cuando estaba dirigida por C\u00e9sar Far\u00edas, jugando un amistoso ante Guatemala que culmin\u00f3 con victoria 2-1.<\/p>\n<p><iframe loading=\"lazy\" src=\"https:\/\/w.soundcloud.com\/player\/?url=https%3A\/\/api.soundcloud.com\/tracks\/292318054&amp;color=ff5500&amp;auto_play=false&amp;hide_related=false&amp;show_comments=true&amp;show_user=true&amp;show_reposts=false\" width=\"621\" height=\"166\" frameborder=\"no\" scrolling=\"no\"><\/iframe><\/p>\n","protected":false},"excerpt":{"rendered":"<p>AFP &#8211; El mal estado del campo del Estadio Monumental de Matur\u00edn, que recibir\u00e1 este jueves el partido entre Venezuela y Bolivia por la und\u00e9cima fecha de la clasificatoria sudamericana al Mundial de Rusia-2018, gener\u00f3 protestas de la selecci\u00f3n local. \u00abVer la cancha me dio amargura y mucha tristeza. En vez de hablar de f\u00fatbol, &#8230;<\/p>\n","protected":false},"author":4,"featured_media":33146,"comment_status":"closed","ping_status":"closed","sticky":false,"template":"","format":"standard","meta":{"footnotes":""},"categories":[752,1878,40,3],"tags":[151,985,71],"class_list":["post-33180","post","type-post","status-publish","format-standard","has-post-thumbnail","hentry","category-appgd","category-rusia-2018","category-seleccion-nacional-mayores","category-seleccion-nacional","tag-la-vinotinto","tag-rusia-2018","tag-vinotinto"],"_links":{"self":[{"href":"http:\/\/gradadigital.com\/home\/wp-json\/wp\/v2\/posts\/33180","targetHints":{"allow":["GET"]}}],"collection":[{"href":"http:\/\/gradadigital.com\/home\/wp-json\/wp\/v2\/posts"}],"about":[{"href":"http:\/\/gradadigital.com\/home\/wp-json\/wp\/v2\/types\/post"}],"author":[{"embeddable":true,"href":"http:\/\/gradadigital.com\/home\/wp-json\/wp\/v2\/users\/4"}],"replies":[{"embeddable":true,"href":"http:\/\/gradadigital.com\/home\/wp-json\/wp\/v2\/comments?post=33180"}],"version-history":[{"count":3,"href":"http:\/\/gradadigital.com\/home\/wp-json\/wp\/v2\/posts\/33180\/revisions"}],"predecessor-version":[{"id":33187,"href":"http:\/\/gradadigital.com\/home\/wp-json\/wp\/v2\/posts\/33180\/revisions\/33187"}],"wp:featuredmedia":[{"embeddable":true,"href":"http:\/\/gradadigital.com\/home\/wp-json\/wp\/v2\/media\/33146"}],"wp:attachment":[{"href":"http:\/\/gradadigital.com\/home\/wp-json\/wp\/v2\/media?parent=33180"}],"wp:term":[{"taxonomy":"category","embeddable":true,"href":"http:\/\/gradadigital.com\/home\/wp-json\/wp\/v2\/categories?post=33180"},{"taxonomy":"post_tag","embeddable":true,"href":"http:\/\/gradadigital.com\/home\/wp-json\/wp\/v2\/tags?post=33180"}],"curies":[{"name":"wp","href":"https:\/\/api.w.org\/{rel}","templated":true}]}}