{"id":33145,"date":"2016-11-08T12:40:37","date_gmt":"2016-11-08T17:10:37","guid":{"rendered":"http:\/\/gradadigital.com\/home\/?p=33145"},"modified":"2016-11-24T10:47:22","modified_gmt":"2016-11-24T15:17:22","slug":"fotos-asi-se-encuentra-el-monumental-a-dos-dias-de-recibir-las-eliminatorias","status":"publish","type":"post","link":"http:\/\/gradadigital.com\/home\/fotos-asi-se-encuentra-el-monumental-a-dos-dias-de-recibir-las-eliminatorias\/","title":{"rendered":"+FOTOS | As\u00ed se encuentra el Monumental a dos d\u00edas de recibir las Eliminatorias"},"content":{"rendered":"<p style=\"text-align: center;\"><img loading=\"lazy\" decoding=\"async\" class=\"alignnone size-full wp-image-33149\" src=\"http:\/\/gradadigital.com\/home\/wp-content\/uploads\/2016\/11\/estadio_monumental_maturin_venezuela_bolivia_08112016_004.jpg\" alt=\"estadio_monumental_maturin_venezuela_bolivia_08112016_004\" width=\"682\" height=\"455\" srcset=\"http:\/\/gradadigital.com\/home\/wp-content\/uploads\/2016\/11\/estadio_monumental_maturin_venezuela_bolivia_08112016_004.jpg 682w, http:\/\/gradadigital.com\/home\/wp-content\/uploads\/2016\/11\/estadio_monumental_maturin_venezuela_bolivia_08112016_004-300x200.jpg 300w\" sizes=\"auto, (max-width: 682px) 100vw, 682px\" \/><\/p>\n<p style=\"text-align: justify;\"><strong>Eduardo Contreras &#8211;<\/strong> Quedan tan solo dos d\u00edas para el encuentro entre los seleccionados de Venezuela y Bolivia, por la Jornada 11 de las Eliminatorias Sudamericanas rumbo al Mundial de Rusia 2018, y el terreno de juego del estadio Monumental de Matur\u00edn no muestra todav\u00eda su mejor cara.<\/p>\n<p style=\"text-align: justify;\">La decisi\u00f3n de que el recinto oriental fuese sede de este importante partido se hizo oficial el 23 de septiembre del presente a\u00f1o. Desde la mencionada fecha, la cancha ya luc\u00eda zonas en mal estado que deb\u00edan ser recuperadas para el cotejo, sin embargo, las mismas no han sido solventadas.<\/p>\n<p style=\"text-align: justify;\">A menos de 72 horas para el duelo donde la Vinotinto buscar\u00e1 su primer triunfo tras dos empates y ocho derrotas, las presentes gr\u00e1ficas realizadas la ma\u00f1ana de este martes, 8 de noviembre, muestran el estado del escenario.<\/p>\n<p style=\"text-align: justify;\">Los trabajos se han intensificado a \u00faltima hora para tratar de que el rect\u00e1ngulo de juego est\u00e9 \u00f3ptimo para los jugadores. \u00bfCrees que podr\u00e1 estar en buenas condiciones\u00a0para el jueves a las 7:00 de la noche?<\/p>\n<p style=\"text-align: center;\"><img loading=\"lazy\" decoding=\"async\" class=\"alignnone size-full wp-image-33154\" src=\"http:\/\/gradadigital.com\/home\/wp-content\/uploads\/2016\/11\/estadio_monumental_maturin_venezuela_bolivia_08112016_006.jpg\" alt=\"estadio_monumental_maturin_venezuela_bolivia_08112016_006\" width=\"682\" height=\"455\" srcset=\"http:\/\/gradadigital.com\/home\/wp-content\/uploads\/2016\/11\/estadio_monumental_maturin_venezuela_bolivia_08112016_006.jpg 682w, http:\/\/gradadigital.com\/home\/wp-content\/uploads\/2016\/11\/estadio_monumental_maturin_venezuela_bolivia_08112016_006-300x200.jpg 300w\" sizes=\"auto, (max-width: 682px) 100vw, 682px\" \/><\/p>\n<p style=\"text-align: center;\"><img loading=\"lazy\" decoding=\"async\" class=\"alignnone size-full wp-image-33147\" src=\"http:\/\/gradadigital.com\/home\/wp-content\/uploads\/2016\/11\/estadio_monumental_maturin_venezuela_bolivia_08112016_003.jpg\" alt=\"estadio_monumental_maturin_venezuela_bolivia_08112016_003\" width=\"682\" height=\"455\" srcset=\"http:\/\/gradadigital.com\/home\/wp-content\/uploads\/2016\/11\/estadio_monumental_maturin_venezuela_bolivia_08112016_003.jpg 682w, http:\/\/gradadigital.com\/home\/wp-content\/uploads\/2016\/11\/estadio_monumental_maturin_venezuela_bolivia_08112016_003-300x200.jpg 300w\" sizes=\"auto, (max-width: 682px) 100vw, 682px\" \/><\/p>\n<p style=\"text-align: center;\"><img loading=\"lazy\" decoding=\"async\" class=\"alignnone size-full wp-image-33148\" src=\"http:\/\/gradadigital.com\/home\/wp-content\/uploads\/2016\/11\/estadio_monumental_maturin_venezuela_bolivia_08112016_001.jpg\" alt=\"estadio_monumental_maturin_venezuela_bolivia_08112016_001\" width=\"682\" height=\"455\" srcset=\"http:\/\/gradadigital.com\/home\/wp-content\/uploads\/2016\/11\/estadio_monumental_maturin_venezuela_bolivia_08112016_001.jpg 682w, http:\/\/gradadigital.com\/home\/wp-content\/uploads\/2016\/11\/estadio_monumental_maturin_venezuela_bolivia_08112016_001-300x200.jpg 300w\" sizes=\"auto, (max-width: 682px) 100vw, 682px\" \/><\/p>\n<p style=\"text-align: center;\"><img loading=\"lazy\" decoding=\"async\" class=\"alignnone size-full wp-image-33149\" src=\"http:\/\/gradadigital.com\/home\/wp-content\/uploads\/2016\/11\/estadio_monumental_maturin_venezuela_bolivia_08112016_004.jpg\" alt=\"estadio_monumental_maturin_venezuela_bolivia_08112016_004\" width=\"682\" height=\"455\" srcset=\"http:\/\/gradadigital.com\/home\/wp-content\/uploads\/2016\/11\/estadio_monumental_maturin_venezuela_bolivia_08112016_004.jpg 682w, http:\/\/gradadigital.com\/home\/wp-content\/uploads\/2016\/11\/estadio_monumental_maturin_venezuela_bolivia_08112016_004-300x200.jpg 300w\" sizes=\"auto, (max-width: 682px) 100vw, 682px\" \/><\/p>\n<p style=\"text-align: center;\"><img loading=\"lazy\" decoding=\"async\" class=\"alignnone size-full wp-image-33155\" src=\"http:\/\/gradadigital.com\/home\/wp-content\/uploads\/2016\/11\/estadio_monumental_maturin_venezuela_bolivia_08112016_005.jpg\" alt=\"estadio_monumental_maturin_venezuela_bolivia_08112016_005\" width=\"682\" height=\"455\" srcset=\"http:\/\/gradadigital.com\/home\/wp-content\/uploads\/2016\/11\/estadio_monumental_maturin_venezuela_bolivia_08112016_005.jpg 682w, http:\/\/gradadigital.com\/home\/wp-content\/uploads\/2016\/11\/estadio_monumental_maturin_venezuela_bolivia_08112016_005-300x200.jpg 300w\" sizes=\"auto, (max-width: 682px) 100vw, 682px\" \/><\/p>\n<p>&nbsp;<\/p>\n","protected":false},"excerpt":{"rendered":"<p>Eduardo Contreras &#8211; Quedan tan solo dos d\u00edas para el encuentro entre los seleccionados de Venezuela y Bolivia, por la Jornada 11 de las Eliminatorias Sudamericanas rumbo al Mundial de Rusia 2018, y el terreno de juego del estadio Monumental de Matur\u00edn no muestra todav\u00eda su mejor cara. La decisi\u00f3n de que el recinto oriental &#8230;<\/p>\n","protected":false},"author":4,"featured_media":33149,"comment_status":"closed","ping_status":"closed","sticky":false,"template":"","format":"standard","meta":{"footnotes":""},"categories":[43,752,1878,40,3],"tags":[151,985,71],"class_list":["post-33145","post","type-post","status-publish","format-standard","has-post-thumbnail","hentry","category-fotos","category-appgd","category-rusia-2018","category-seleccion-nacional-mayores","category-seleccion-nacional","tag-la-vinotinto","tag-rusia-2018","tag-vinotinto"],"_links":{"self":[{"href":"http:\/\/gradadigital.com\/home\/wp-json\/wp\/v2\/posts\/33145","targetHints":{"allow":["GET"]}}],"collection":[{"href":"http:\/\/gradadigital.com\/home\/wp-json\/wp\/v2\/posts"}],"about":[{"href":"http:\/\/gradadigital.com\/home\/wp-json\/wp\/v2\/types\/post"}],"author":[{"embeddable":true,"href":"http:\/\/gradadigital.com\/home\/wp-json\/wp\/v2\/users\/4"}],"replies":[{"embeddable":true,"href":"http:\/\/gradadigital.com\/home\/wp-json\/wp\/v2\/comments?post=33145"}],"version-history":[{"count":8,"href":"http:\/\/gradadigital.com\/home\/wp-json\/wp\/v2\/posts\/33145\/revisions"}],"predecessor-version":[{"id":33599,"href":"http:\/\/gradadigital.com\/home\/wp-json\/wp\/v2\/posts\/33145\/revisions\/33599"}],"wp:featuredmedia":[{"embeddable":true,"href":"http:\/\/gradadigital.com\/home\/wp-json\/wp\/v2\/media\/33149"}],"wp:attachment":[{"href":"http:\/\/gradadigital.com\/home\/wp-json\/wp\/v2\/media?parent=33145"}],"wp:term":[{"taxonomy":"category","embeddable":true,"href":"http:\/\/gradadigital.com\/home\/wp-json\/wp\/v2\/categories?post=33145"},{"taxonomy":"post_tag","embeddable":true,"href":"http:\/\/gradadigital.com\/home\/wp-json\/wp\/v2\/tags?post=33145"}],"curies":[{"name":"wp","href":"https:\/\/api.w.org\/{rel}","templated":true}]}}