{"id":33122,"date":"2016-11-07T22:51:34","date_gmt":"2016-11-08T03:21:34","guid":{"rendered":"http:\/\/gradadigital.com\/home\/?p=33122"},"modified":"2016-11-08T07:29:26","modified_gmt":"2016-11-08T11:59:26","slug":"la-vinotinto-sufre-otra-dura-baja-en-su-convocatoria","status":"publish","type":"post","link":"http:\/\/gradadigital.com\/home\/la-vinotinto-sufre-otra-dura-baja-en-su-convocatoria\/","title":{"rendered":"La Vinotinto sufre otra dura baja en su convocatoria"},"content":{"rendered":"<p style=\"text-align: center;\"><img decoding=\"async\" src=\"http:\/\/gradadigital.com\/home\/wp-content\/uploads\/2016\/10\/salomon_rondon_entrenamiento_venezuela_vinotinto_08102016_1.jpg\" \/><\/p>\n<p style=\"text-align: justify;\"><strong>GradaDigital.com &#8211;<\/strong> La Selecci\u00f3n Nacional de Venezuela sufre una nueva baja importante, se trata del delantero del West Bromwich Albion FC, Salom\u00f3n Rond\u00f3n, quien seg\u00fan comunic\u00f3 Laureano Gonz\u00e1lez (Presidente de la FVF) al programa radial La Barra F\u00fatbol, el artillero sufri\u00f3 una lesi\u00f3n que lo suma a Juan Pablo A\u00f1or y Alejandro Guerra en la lista de no disponibles.<\/p>\n<p style=\"text-align: justify;\">Los rumores apuntan que en sustituci\u00f3n de Rond\u00f3n ingresar\u00eda Christian Santos, quien marc\u00f3 su primer gol con la camiseta del Deportivo Alav\u00e9s el pasado s\u00e1bado.<\/p>\n<p style=\"text-align: justify;\"><strong><em>&#8211; NOTICIA EN DESARROLLO &#8211;<\/em><\/strong><\/p>\n","protected":false},"excerpt":{"rendered":"<p>GradaDigital.com &#8211; La Selecci\u00f3n Nacional de Venezuela sufre una nueva baja importante, se trata del delantero del West Bromwich Albion FC, Salom\u00f3n Rond\u00f3n, quien seg\u00fan comunic\u00f3 Laureano Gonz\u00e1lez (Presidente de la FVF) al programa radial La Barra F\u00fatbol, el artillero sufri\u00f3 una lesi\u00f3n que lo suma a Juan Pablo A\u00f1or y Alejandro Guerra en la &#8230;<\/p>\n","protected":false},"author":4,"featured_media":32573,"comment_status":"closed","ping_status":"closed","sticky":false,"template":"","format":"standard","meta":{"footnotes":""},"categories":[752,1878,40,3],"tags":[151,985,71],"class_list":["post-33122","post","type-post","status-publish","format-standard","has-post-thumbnail","hentry","category-appgd","category-rusia-2018","category-seleccion-nacional-mayores","category-seleccion-nacional","tag-la-vinotinto","tag-rusia-2018","tag-vinotinto"],"_links":{"self":[{"href":"http:\/\/gradadigital.com\/home\/wp-json\/wp\/v2\/posts\/33122","targetHints":{"allow":["GET"]}}],"collection":[{"href":"http:\/\/gradadigital.com\/home\/wp-json\/wp\/v2\/posts"}],"about":[{"href":"http:\/\/gradadigital.com\/home\/wp-json\/wp\/v2\/types\/post"}],"author":[{"embeddable":true,"href":"http:\/\/gradadigital.com\/home\/wp-json\/wp\/v2\/users\/4"}],"replies":[{"embeddable":true,"href":"http:\/\/gradadigital.com\/home\/wp-json\/wp\/v2\/comments?post=33122"}],"version-history":[{"count":3,"href":"http:\/\/gradadigital.com\/home\/wp-json\/wp\/v2\/posts\/33122\/revisions"}],"predecessor-version":[{"id":33135,"href":"http:\/\/gradadigital.com\/home\/wp-json\/wp\/v2\/posts\/33122\/revisions\/33135"}],"wp:featuredmedia":[{"embeddable":true,"href":"http:\/\/gradadigital.com\/home\/wp-json\/wp\/v2\/media\/32573"}],"wp:attachment":[{"href":"http:\/\/gradadigital.com\/home\/wp-json\/wp\/v2\/media?parent=33122"}],"wp:term":[{"taxonomy":"category","embeddable":true,"href":"http:\/\/gradadigital.com\/home\/wp-json\/wp\/v2\/categories?post=33122"},{"taxonomy":"post_tag","embeddable":true,"href":"http:\/\/gradadigital.com\/home\/wp-json\/wp\/v2\/tags?post=33122"}],"curies":[{"name":"wp","href":"https:\/\/api.w.org\/{rel}","templated":true}]}}