{"id":33106,"date":"2016-11-07T18:32:08","date_gmt":"2016-11-07T23:02:08","guid":{"rendered":"http:\/\/gradadigital.com\/home\/?p=33106"},"modified":"2016-11-07T18:32:08","modified_gmt":"2016-11-07T23:02:08","slug":"mas-bajas-en-ecuador-para-enfrentar-a-venezuela","status":"publish","type":"post","link":"http:\/\/gradadigital.com\/home\/mas-bajas-en-ecuador-para-enfrentar-a-venezuela\/","title":{"rendered":"M\u00e1s bajas en Ecuador para enfrentar a Venezuela"},"content":{"rendered":"<p style=\"text-align: center;\"><img loading=\"lazy\" decoding=\"async\" class=\"alignnone size-full wp-image-33107\" src=\"http:\/\/gradadigital.com\/home\/wp-content\/uploads\/2016\/11\/jefferson_montero_01092016.jpg\" alt=\"jefferson_montero_01092016\" width=\"682\" height=\"455\" srcset=\"http:\/\/gradadigital.com\/home\/wp-content\/uploads\/2016\/11\/jefferson_montero_01092016.jpg 682w, http:\/\/gradadigital.com\/home\/wp-content\/uploads\/2016\/11\/jefferson_montero_01092016-300x200.jpg 300w\" sizes=\"auto, (max-width: 682px) 100vw, 682px\" \/><\/p>\n<p style=\"text-align: justify;\"><strong>EFE &#8211;<\/strong> La fractura del cuarto metacarpiano de la mano derecha de Jefferson Montero increment\u00f3 este lunes, 7 de noviembre,\u00a0a nueve las bajas sufridas por Ecuador de cara al partido del pr\u00f3ximo jueves contra Uruguay, en Montevideo, inform\u00f3 la Federaci\u00f3n de F\u00fatbol de Ecuador.<\/p>\n<p style=\"text-align: justify;\"><strong>\u00abSe comunic\u00f3 el doctor del club ingl\u00e9s Swansea (donde juega Montero), se revisaron las im\u00e1genes correspondientes y hay una fractura que lo va a tener inactivo durante algunas semanas\u00bb<\/strong>, indic\u00f3 Jos\u00e9 Arce, m\u00e9dico de la selecci\u00f3n.<\/p>\n<p style=\"text-align: justify;\">Por una lesi\u00f3n semejante con el Manchester United ingl\u00e9s se qued\u00f3 al margen de la convocatoria de la Tri Luis Antonio Valencia. <strong>\u00abTo\u00f1o tiene un fractura en el quinto metacarpiano de la mano derecha\u00bb<\/strong>, indic\u00f3 el galeno.<\/p>\n<p style=\"text-align: justify;\">El seleccionador de Ecuador, el argentino naturalizado boliviano Gustavo Quinteros, tambi\u00e9n echar\u00e1 de menos por lesiones a \u00c1ngel Mena, Pedro Qui\u00f1\u00f3nez, Mat\u00edas Oyola, y por suspensiones a Arturo Mina, Luis Caicedo, Christian Leonel Ram\u00edrez y Enner Valencia.<\/p>\n<p style=\"text-align: justify;\">Quinteros llam\u00f3 el lunes pasado a 32 jugadores para los partidos ante la Celeste y contra Venezuela por las eliminatorias del Mundial de Rusia 2018, por lo que echar\u00e1 manos del resto de la plantilla.<\/p>\n<p style=\"text-align: justify;\">La Tri viajar\u00e1 este lunes con los jugadores que militan en el torneo local y el grupo se completar\u00e1 ma\u00f1ana con el arribo directo hasta Montevideo de los que juegan en clubes del exterior.<\/p>\n","protected":false},"excerpt":{"rendered":"<p>EFE &#8211; La fractura del cuarto metacarpiano de la mano derecha de Jefferson Montero increment\u00f3 este lunes, 7 de noviembre,\u00a0a nueve las bajas sufridas por Ecuador de cara al partido del pr\u00f3ximo jueves contra Uruguay, en Montevideo, inform\u00f3 la Federaci\u00f3n de F\u00fatbol de Ecuador. \u00abSe comunic\u00f3 el doctor del club ingl\u00e9s Swansea (donde juega Montero), &#8230;<\/p>\n","protected":false},"author":3,"featured_media":33107,"comment_status":"closed","ping_status":"closed","sticky":false,"template":"","format":"standard","meta":{"footnotes":""},"categories":[752,1878,40,3],"tags":[654,1970,151,71],"class_list":["post-33106","post","type-post","status-publish","format-standard","has-post-thumbnail","hentry","category-appgd","category-rusia-2018","category-seleccion-nacional-mayores","category-seleccion-nacional","tag-ecuador","tag-jefferson-montero","tag-la-vinotinto","tag-vinotinto"],"_links":{"self":[{"href":"http:\/\/gradadigital.com\/home\/wp-json\/wp\/v2\/posts\/33106","targetHints":{"allow":["GET"]}}],"collection":[{"href":"http:\/\/gradadigital.com\/home\/wp-json\/wp\/v2\/posts"}],"about":[{"href":"http:\/\/gradadigital.com\/home\/wp-json\/wp\/v2\/types\/post"}],"author":[{"embeddable":true,"href":"http:\/\/gradadigital.com\/home\/wp-json\/wp\/v2\/users\/3"}],"replies":[{"embeddable":true,"href":"http:\/\/gradadigital.com\/home\/wp-json\/wp\/v2\/comments?post=33106"}],"version-history":[{"count":2,"href":"http:\/\/gradadigital.com\/home\/wp-json\/wp\/v2\/posts\/33106\/revisions"}],"predecessor-version":[{"id":33109,"href":"http:\/\/gradadigital.com\/home\/wp-json\/wp\/v2\/posts\/33106\/revisions\/33109"}],"wp:featuredmedia":[{"embeddable":true,"href":"http:\/\/gradadigital.com\/home\/wp-json\/wp\/v2\/media\/33107"}],"wp:attachment":[{"href":"http:\/\/gradadigital.com\/home\/wp-json\/wp\/v2\/media?parent=33106"}],"wp:term":[{"taxonomy":"category","embeddable":true,"href":"http:\/\/gradadigital.com\/home\/wp-json\/wp\/v2\/categories?post=33106"},{"taxonomy":"post_tag","embeddable":true,"href":"http:\/\/gradadigital.com\/home\/wp-json\/wp\/v2\/tags?post=33106"}],"curies":[{"name":"wp","href":"https:\/\/api.w.org\/{rel}","templated":true}]}}