{"id":33103,"date":"2016-11-07T18:10:55","date_gmt":"2016-11-07T22:40:55","guid":{"rendered":"http:\/\/gradadigital.com\/home\/?p=33103"},"modified":"2016-11-07T18:10:55","modified_gmt":"2016-11-07T22:40:55","slug":"jugadores-de-bolivia-se-enfocan-en-venezuela-y-evitan-hablar-de-puntos-perdidos","status":"publish","type":"post","link":"http:\/\/gradadigital.com\/home\/jugadores-de-bolivia-se-enfocan-en-venezuela-y-evitan-hablar-de-puntos-perdidos\/","title":{"rendered":"Jugadores de Bolivia se enfocan en Venezuela y evitan hablar de puntos perdidos"},"content":{"rendered":"<p style=\"text-align: center;\"><img loading=\"lazy\" decoding=\"async\" class=\"alignnone size-full wp-image-33104\" src=\"http:\/\/gradadigital.com\/home\/wp-content\/uploads\/2016\/11\/once_bolivia.jpg\" alt=\"once_bolivia\" width=\"682\" height=\"455\" srcset=\"http:\/\/gradadigital.com\/home\/wp-content\/uploads\/2016\/11\/once_bolivia.jpg 682w, http:\/\/gradadigital.com\/home\/wp-content\/uploads\/2016\/11\/once_bolivia-300x200.jpg 300w\" sizes=\"auto, (max-width: 682px) 100vw, 682px\" \/><\/p>\n<p style=\"text-align: justify;\"><strong>EFE &#8211;<\/strong> Los seleccionados de Bolivia aseguraron este lunes, 7 de noviembre, que est\u00e1n enfocados en Venezuela, el pr\u00f3ximo rival del equipo en las eliminatorias del Mundial de Rusia 2018, y evitaron hablar sobre la decisi\u00f3n de la FIFA de quitar puntos a la Verde en la clasificaci\u00f3n.<\/p>\n<p style=\"text-align: justify;\">El centrocampista Alejandro Chumacero dijo a los medios que los convocados por el argentino \u00c1ngel Guillermo Hoyos coinciden en que quieren <strong>\u00abjugar, mirar adelante y dejar de lado todo lo que pas\u00f3\u00bb<\/strong>.<\/p>\n<p style=\"text-align: justify;\">Chumacero admiti\u00f3 que se siente mal por sus compa\u00f1eros <strong>\u00abque ganaron esos puntos que se perdieron en la mesa\u00bb<\/strong>, pero consider\u00f3 que s\u00f3lo queda encarar el partido contra Venezuela que, anticip\u00f3, ser\u00e1 <strong>\u00abfuerte, duro y dif\u00edcil\u00bb<\/strong>.<\/p>\n<p style=\"text-align: justify;\"><strong>\u00abNo queremos estar abajo, queremos estar mejor posicionados. Esperemos que se puedan dar resultados positivos y para ello estamos trabajando\u00bb<\/strong>, agreg\u00f3 el jugador, que retorn\u00f3 a la Verde tras superar una lesi\u00f3n que le impidi\u00f3 estar en las \u00faltimas cuatro fechas.<\/p>\n<p style=\"text-align: justify;\">El portero Daniel Vaca afirm\u00f3 que ellos no tocar\u00e1n m\u00e1s <strong>\u00abel tema de la p\u00e9rdida de puntos\u00bb<\/strong> y est\u00e1n enfocados en los partidos contra Venezuela y Paraguay.<\/p>\n<p style=\"text-align: justify;\"><strong>\u00abEsperamos buscar resultados positivos que nos permitan ir sumando, m\u00e1s all\u00e1 de la situaci\u00f3n que est\u00e1 viviendo Bolivia. Trataremos de ir a buscar un buen resultado en Venezuela y hacernos fuertes en casa tambi\u00e9n nuevamente\u00bb<\/strong>, manifest\u00f3 Vaca.<\/p>\n<p style=\"text-align: justify;\">La Verde, que ten\u00eda ocho puntos en las diez fechas disputadas hasta el momento, qued\u00f3 con cuatro unidades despu\u00e9s de que la FIFA decidiera sancionarle por la alineaci\u00f3n indebida del zaguero paraguayo-boliviano Nelson Cabrera en los partidos ante Per\u00fa y Chile en las jornadas s\u00e9ptima y octava.<\/p>\n<p style=\"text-align: justify;\">M\u00e1s urgida que nunca, Bolivia inici\u00f3 el viernes su preparaci\u00f3n para visitar a Venezuela el jueves 10 y recibir a Paraguay cinco d\u00edas despu\u00e9s en La Paz.<\/p>\n<p style=\"text-align: justify;\">El delantero Jhasmani Campos reconoci\u00f3 que la Vinotinto es <strong>\u00abun rival que ha crecido en lo futbol\u00edstico\u00bb<\/strong>, algo que, seg\u00fan dijo, <strong>\u00abno se refleja en los puntos que tiene\u00bb<\/strong> actualmente en la clasificaci\u00f3n.<\/p>\n<p style=\"text-align: justify;\">Pese a ello, asegur\u00f3 que la Verde est\u00e1 en condiciones de lograr un resultado positivo en Venezuela.<\/p>\n<p style=\"text-align: justify;\"><strong>\u00abEsos tres puntos los necesitamos a muerte y vamos a ir a luchar y a pelear para conseguirlos\u00bb<\/strong>, agreg\u00f3.<\/p>\n","protected":false},"excerpt":{"rendered":"<p>EFE &#8211; Los seleccionados de Bolivia aseguraron este lunes, 7 de noviembre, que est\u00e1n enfocados en Venezuela, el pr\u00f3ximo rival del equipo en las eliminatorias del Mundial de Rusia 2018, y evitaron hablar sobre la decisi\u00f3n de la FIFA de quitar puntos a la Verde en la clasificaci\u00f3n. El centrocampista Alejandro Chumacero dijo a los &#8230;<\/p>\n","protected":false},"author":3,"featured_media":33104,"comment_status":"closed","ping_status":"closed","sticky":false,"template":"","format":"standard","meta":{"footnotes":""},"categories":[752,1878,40,3],"tags":[937,151,71],"class_list":["post-33103","post","type-post","status-publish","format-standard","has-post-thumbnail","hentry","category-appgd","category-rusia-2018","category-seleccion-nacional-mayores","category-seleccion-nacional","tag-bolivia","tag-la-vinotinto","tag-vinotinto"],"_links":{"self":[{"href":"http:\/\/gradadigital.com\/home\/wp-json\/wp\/v2\/posts\/33103","targetHints":{"allow":["GET"]}}],"collection":[{"href":"http:\/\/gradadigital.com\/home\/wp-json\/wp\/v2\/posts"}],"about":[{"href":"http:\/\/gradadigital.com\/home\/wp-json\/wp\/v2\/types\/post"}],"author":[{"embeddable":true,"href":"http:\/\/gradadigital.com\/home\/wp-json\/wp\/v2\/users\/3"}],"replies":[{"embeddable":true,"href":"http:\/\/gradadigital.com\/home\/wp-json\/wp\/v2\/comments?post=33103"}],"version-history":[{"count":1,"href":"http:\/\/gradadigital.com\/home\/wp-json\/wp\/v2\/posts\/33103\/revisions"}],"predecessor-version":[{"id":33105,"href":"http:\/\/gradadigital.com\/home\/wp-json\/wp\/v2\/posts\/33103\/revisions\/33105"}],"wp:featuredmedia":[{"embeddable":true,"href":"http:\/\/gradadigital.com\/home\/wp-json\/wp\/v2\/media\/33104"}],"wp:attachment":[{"href":"http:\/\/gradadigital.com\/home\/wp-json\/wp\/v2\/media?parent=33103"}],"wp:term":[{"taxonomy":"category","embeddable":true,"href":"http:\/\/gradadigital.com\/home\/wp-json\/wp\/v2\/categories?post=33103"},{"taxonomy":"post_tag","embeddable":true,"href":"http:\/\/gradadigital.com\/home\/wp-json\/wp\/v2\/tags?post=33103"}],"curies":[{"name":"wp","href":"https:\/\/api.w.org\/{rel}","templated":true}]}}