{"id":33088,"date":"2016-11-06T11:14:04","date_gmt":"2016-11-06T15:44:04","guid":{"rendered":"http:\/\/gradadigital.com\/home\/?p=33088"},"modified":"2016-11-07T19:23:07","modified_gmt":"2016-11-07T23:53:07","slug":"nueva-baja-en-la-vinotinto","status":"publish","type":"post","link":"http:\/\/gradadigital.com\/home\/nueva-baja-en-la-vinotinto\/","title":{"rendered":"Nueva baja en La Vinotinto"},"content":{"rendered":"<p style=\"text-align: center;\"><img decoding=\"async\" src=\"http:\/\/gradadigital.com\/home\/wp-content\/uploads\/2016\/10\/juan_pablo_juanpi_anor_entrenamiento_venezuela_vinotinto_08102016.jpg\" \/><\/p>\n<p style=\"text-align: justify;\"><strong>Prensa Vinotinto\u00a0&#8211;<\/strong>\u00a0En menos de 48 horas, la Selecci\u00f3n Nacional sufri\u00f3 dos bajas para los\u00a0partidos ante Bolivia y Ecuador. Tras confirmarse la lesi\u00f3n de Alejandro Guerra, este s\u00e1bado se conoci\u00f3 que Juan Pablo A\u00f1or no pudo viajar para unirse a la concentraci\u00f3n que arranc\u00f3 el pasado jueves en el Centro Nacional de Alto Rendimiento.<\/p>\n<p style=\"text-align: justify;\">El volante sufri\u00f3 un <strong>\u201ctraumatismo directo en la regi\u00f3n del gemelo interno de su pierna izquierda\u201d<\/strong>, as\u00ed lo confirm\u00f3 el m\u00e9dico de la Vinotinto, Jos\u00e9 De Filippis, tras recibir el informe m\u00e9dico del M\u00e1laga.<\/p>\n<p style=\"text-align: justify;\">Tras realizar una ecograf\u00eda en la zona afectada, el cuerpo m\u00e9dico del conjunto espa\u00f1ol determin\u00f3 que el mediocampista sufre una <strong>\u201clesi\u00f3n contusa grado II en el vientre muscular del gemelo interno, en su parte interior de 5x2x3 cm\u201d<\/strong>, a\u00f1adi\u00f3 De Filippis. Esta lesi\u00f3n le impide caminar con normalidad y requiere ayuda de muletas para desplazarse. A\u00f1or estar\u00e1 aproximadamente tres semanas de baja.<\/p>\n<p style=\"text-align: justify;\">El lugar del mediocampista ser\u00e1 ocupado por Yeferson Soteldo, quien se encontraba en la n\u00f3mina de la Selecci\u00f3n Nacional Sub-20 que viajar\u00e1 este lunes a disputar el Cuadrangular Internacional Copa Los Andes en Arequipa, Per\u00fa.<\/p>\n<p style=\"text-align: justify;\"><strong>Se va armando el grupo<br \/>\n<\/strong>Manuel Arteaga fue el primer futbolista en sumarse a la concentraci\u00f3n Vinotinto. Este s\u00e1bado arribaron al CNAR Jos\u00e9 Contreras, Luis Gonz\u00e1lez, V\u00edctor Garc\u00eda, Mikel Villanueva y Roberto Rosales.<\/p>\n<p style=\"text-align: justify;\">Este domingo se reportaron Wuilker Far\u00ed\u00f1ez, Rubert Quijada, Edder Far\u00edas, Arles Flores, Arqu\u00edmedes Figuera, Jhon Chancellor, Renzo Zambrano, Jacobo Kuffaty y Yangel Herrera.<\/p>\n","protected":false},"excerpt":{"rendered":"<p>Prensa Vinotinto\u00a0&#8211;\u00a0En menos de 48 horas, la Selecci\u00f3n Nacional sufri\u00f3 dos bajas para los\u00a0partidos ante Bolivia y Ecuador. Tras confirmarse la lesi\u00f3n de Alejandro Guerra, este s\u00e1bado se conoci\u00f3 que Juan Pablo A\u00f1or no pudo viajar para unirse a la concentraci\u00f3n que arranc\u00f3 el pasado jueves en el Centro Nacional de Alto Rendimiento. El volante &#8230;<\/p>\n","protected":false},"author":4,"featured_media":32568,"comment_status":"closed","ping_status":"closed","sticky":false,"template":"","format":"standard","meta":{"footnotes":""},"categories":[752,1878,40,3],"tags":[923,924,151,71],"class_list":["post-33088","post","type-post","status-publish","format-standard","has-post-thumbnail","hentry","category-appgd","category-rusia-2018","category-seleccion-nacional-mayores","category-seleccion-nacional","tag-juan-pablo-anor","tag-juanpi","tag-la-vinotinto","tag-vinotinto"],"_links":{"self":[{"href":"http:\/\/gradadigital.com\/home\/wp-json\/wp\/v2\/posts\/33088","targetHints":{"allow":["GET"]}}],"collection":[{"href":"http:\/\/gradadigital.com\/home\/wp-json\/wp\/v2\/posts"}],"about":[{"href":"http:\/\/gradadigital.com\/home\/wp-json\/wp\/v2\/types\/post"}],"author":[{"embeddable":true,"href":"http:\/\/gradadigital.com\/home\/wp-json\/wp\/v2\/users\/4"}],"replies":[{"embeddable":true,"href":"http:\/\/gradadigital.com\/home\/wp-json\/wp\/v2\/comments?post=33088"}],"version-history":[{"count":3,"href":"http:\/\/gradadigital.com\/home\/wp-json\/wp\/v2\/posts\/33088\/revisions"}],"predecessor-version":[{"id":33116,"href":"http:\/\/gradadigital.com\/home\/wp-json\/wp\/v2\/posts\/33088\/revisions\/33116"}],"wp:featuredmedia":[{"embeddable":true,"href":"http:\/\/gradadigital.com\/home\/wp-json\/wp\/v2\/media\/32568"}],"wp:attachment":[{"href":"http:\/\/gradadigital.com\/home\/wp-json\/wp\/v2\/media?parent=33088"}],"wp:term":[{"taxonomy":"category","embeddable":true,"href":"http:\/\/gradadigital.com\/home\/wp-json\/wp\/v2\/categories?post=33088"},{"taxonomy":"post_tag","embeddable":true,"href":"http:\/\/gradadigital.com\/home\/wp-json\/wp\/v2\/tags?post=33088"}],"curies":[{"name":"wp","href":"https:\/\/api.w.org\/{rel}","templated":true}]}}