{"id":33064,"date":"2016-11-03T17:32:39","date_gmt":"2016-11-03T22:02:39","guid":{"rendered":"http:\/\/gradadigital.com\/home\/?p=33064"},"modified":"2016-11-03T17:32:39","modified_gmt":"2016-11-03T22:02:39","slug":"convocatoria-cinco-legionarios-en-lista-de-bolivia-para-enfrentar-a-venezuela","status":"publish","type":"post","link":"http:\/\/gradadigital.com\/home\/convocatoria-cinco-legionarios-en-lista-de-bolivia-para-enfrentar-a-venezuela\/","title":{"rendered":"+CONVOCATORIA | Cinco legionarios en lista de Bolivia para enfrentar a Venezuela"},"content":{"rendered":"<p style=\"text-align: center;\"><img decoding=\"async\" src=\"http:\/\/gradadigital.com\/home\/wp-content\/uploads\/2016\/11\/ngel_guillermo_hoyos_bolivia_1.jpg\" \/><\/p>\n<p style=\"text-align: justify;\"><strong>EFE &#8211;<\/strong> El seleccionador de Bolivia, el argentino \u00c1ngel Guillermo Hoyos, convoc\u00f3 este jueves, 3 de noviembre,\u00a0a 29 jugadores, entre ellos cinco que militan en clubes del exterior, para las pr\u00f3ximas jornadas de las eliminatorias del Mundial de Rusia 2018, en las que la Verde se enfrentar\u00e1 con Venezuela y Paraguay.<\/p>\n<p style=\"text-align: justify;\">La n\u00f3mina presentada por Hoyos incluye al portero Carlos Lampe, del Huachipato chileno, y al centrocampista Martin Smedberg-Dalence, del IFK G\u00f6teborg, de Suecia.<\/p>\n<p style=\"text-align: justify;\">Tambi\u00e9n fueron convocados los delanteros Marcelo Martins Moreno, del Changchun Yatai chino; Yasmani Duk, del New York Cosmos estadounidense y Rodrigo Ramallo, del Vit\u00f3ria brasile\u00f1o.<\/p>\n<p style=\"text-align: justify;\">La base de la convocatoria son jugadores del Bol\u00edvar, actual l\u00edder del torneo local, y de su inmediato perseguidor en la tabla, The Strongest, que aportan a la plantilla seis y once futbolistas, respectivamente.<\/p>\n<p style=\"text-align: justify;\">Entre las novedades en la convocatoria est\u00e1n los retornos del arquero atigrado Daniel Vaca, llamado por \u00faltima vez a la Verde hace un a\u00f1o, y de su compa\u00f1ero de equipo, el centrocampista Alejandro Chumacero, ausente en las \u00faltimas jornadas por una lesi\u00f3n.<\/p>\n<p style=\"text-align: justify;\">Bolivia, que ten\u00eda ocho puntos logrados en las diez fechas de eliminatorias disputadas hasta el momento, qued\u00f3 con cuatro unidades despu\u00e9s de que la FIFA decidiera el martes sancionarle por la alineaci\u00f3n indebida del zaguero paraguayo-boliviano Nelson Cabrera en los partidos ante Per\u00fa y Chile.<\/p>\n<p style=\"text-align: justify;\">La Verde gan\u00f3 por 2-0 a Per\u00fa en La Paz en la s\u00e9ptima jornada disputada el pasado 1 de septiembre e igual\u00f3 sin goles con Chile en Santiago el d\u00eda 6 del mismo mes, pero la FIFA declar\u00f3 \u00abambos partidos perdidos por Bolivia\u00bb, otorgando los puntos a sus rivales.<\/p>\n<p style=\"text-align: justify;\">M\u00e1s urgida que nunca, la plantilla al mando de Hoyos, que va pen\u00faltima en la clasificaci\u00f3n de las eliminatorias, visitar\u00e1 al colista Venezuela el jueves 10 en la und\u00e9cima jornada y recibir\u00e1 a Paraguay cinco d\u00edas despu\u00e9s en La Paz, en la duod\u00e9cima fecha.<\/p>\n<p style=\"text-align: justify;\"><strong>La n\u00f3mina de 29 convocados por Hoyos es la siguiente:<\/strong><\/p>\n<p style=\"text-align: justify;\"><strong>Porteros:<\/strong> Carlos Lampe (Huachipato-CHI), Guillermo Viscarra (Oriente Petrolero) y Daniel Vaca (The Strongest).<\/p>\n<p style=\"text-align: justify;\"><strong>Defensores:<\/strong> Edemir Rodr\u00edguez, Erwin Saavedra, Luis Guti\u00e9rrez y Enrique Flores (Bol\u00edvar), Gabriel Valverde, Marvin Bejarano, Julio C\u00e9sar P\u00e9rez y Ramiro Ballivi\u00e1n (The Strongest), Ronald Raldes (Oriente Petrolero) y Edward Zenteno (Wilstermann).<\/p>\n<p style=\"text-align: justify;\"><strong>Centrocampistas:<\/strong> W\u00e1lter Veizaga, Ra\u00fal Castro, Diego Wayar, Alejandro Chumacero\u00a0y Pablo Escobar (The Strongest), Martin Smedberg-Dalence (IFK G\u00f6teborg-SUE), Pedro Azogue (Oriente Petrolero), Rudy Cardozo (Bol\u00edvar) y Kevin Farell (Blooming).<\/p>\n<p style=\"text-align: justify;\"><strong>Delanteros:<\/strong> Marcelo Martins Moreno (Changchun Yatai-CHN), Yasmani Duk (NY Cosmos-USA), Rodrigo Ramallo (Vit\u00f3ria-BRA), Juan Carlos Arce (Bol\u00edvar), Jhasmani Campos (Sport Boys), Mateo Zoch (Oriente Petrolero) y Rodrigo Vargas (The Strongest).<\/p>\n","protected":false},"excerpt":{"rendered":"<p>EFE &#8211; El seleccionador de Bolivia, el argentino \u00c1ngel Guillermo Hoyos, convoc\u00f3 este jueves, 3 de noviembre,\u00a0a 29 jugadores, entre ellos cinco que militan en clubes del exterior, para las pr\u00f3ximas jornadas de las eliminatorias del Mundial de Rusia 2018, en las que la Verde se enfrentar\u00e1 con Venezuela y Paraguay. La n\u00f3mina presentada por &#8230;<\/p>\n","protected":false},"author":3,"featured_media":33065,"comment_status":"closed","ping_status":"closed","sticky":false,"template":"","format":"standard","meta":{"footnotes":""},"categories":[752,1878,40,3],"tags":[937,151,985,71],"class_list":["post-33064","post","type-post","status-publish","format-standard","has-post-thumbnail","hentry","category-appgd","category-rusia-2018","category-seleccion-nacional-mayores","category-seleccion-nacional","tag-bolivia","tag-la-vinotinto","tag-rusia-2018","tag-vinotinto"],"_links":{"self":[{"href":"http:\/\/gradadigital.com\/home\/wp-json\/wp\/v2\/posts\/33064","targetHints":{"allow":["GET"]}}],"collection":[{"href":"http:\/\/gradadigital.com\/home\/wp-json\/wp\/v2\/posts"}],"about":[{"href":"http:\/\/gradadigital.com\/home\/wp-json\/wp\/v2\/types\/post"}],"author":[{"embeddable":true,"href":"http:\/\/gradadigital.com\/home\/wp-json\/wp\/v2\/users\/3"}],"replies":[{"embeddable":true,"href":"http:\/\/gradadigital.com\/home\/wp-json\/wp\/v2\/comments?post=33064"}],"version-history":[{"count":1,"href":"http:\/\/gradadigital.com\/home\/wp-json\/wp\/v2\/posts\/33064\/revisions"}],"predecessor-version":[{"id":33066,"href":"http:\/\/gradadigital.com\/home\/wp-json\/wp\/v2\/posts\/33064\/revisions\/33066"}],"wp:featuredmedia":[{"embeddable":true,"href":"http:\/\/gradadigital.com\/home\/wp-json\/wp\/v2\/media\/33065"}],"wp:attachment":[{"href":"http:\/\/gradadigital.com\/home\/wp-json\/wp\/v2\/media?parent=33064"}],"wp:term":[{"taxonomy":"category","embeddable":true,"href":"http:\/\/gradadigital.com\/home\/wp-json\/wp\/v2\/categories?post=33064"},{"taxonomy":"post_tag","embeddable":true,"href":"http:\/\/gradadigital.com\/home\/wp-json\/wp\/v2\/tags?post=33064"}],"curies":[{"name":"wp","href":"https:\/\/api.w.org\/{rel}","templated":true}]}}