{"id":33042,"date":"2016-11-02T12:48:23","date_gmt":"2016-11-02T17:18:23","guid":{"rendered":"http:\/\/gradadigital.com\/home\/?p=33042"},"modified":"2016-11-07T18:46:57","modified_gmt":"2016-11-07T23:16:57","slug":"estos-son-los-convocados-por-dudamel-para-enfrentar-a-bolivia-y-ecuador","status":"publish","type":"post","link":"http:\/\/gradadigital.com\/home\/estos-son-los-convocados-por-dudamel-para-enfrentar-a-bolivia-y-ecuador\/","title":{"rendered":"+CONVOCATORIA | Estos son los convocados por Dudamel para enfrentar a Bolivia y Ecuador"},"content":{"rendered":"<p style=\"text-align: center;\"><img loading=\"lazy\" decoding=\"async\" class=\"alignnone size-full wp-image-32250\" src=\"http:\/\/gradadigital.com\/home\/wp-content\/uploads\/2016\/10\/rafael_dudamel_entrenamiento_venezuela_03102016.jpg\" alt=\"rafael_dudamel_entrenamiento_venezuela_03102016\" width=\"682\" height=\"455\" srcset=\"http:\/\/gradadigital.com\/home\/wp-content\/uploads\/2016\/10\/rafael_dudamel_entrenamiento_venezuela_03102016.jpg 682w, http:\/\/gradadigital.com\/home\/wp-content\/uploads\/2016\/10\/rafael_dudamel_entrenamiento_venezuela_03102016-300x200.jpg 300w\" sizes=\"auto, (max-width: 682px) 100vw, 682px\" \/><\/p>\n<p style=\"text-align: justify;\"><strong>Prensa Vinotinto &#8211;<\/strong> El seleccionador nacional Rafael Dudamel anunci\u00f3 la lista de 28 convocados para disputar los partidos de las jornadas 11 y 12 de la Eliminatoria a la Copa del Mundo de Rusia 2018 frente a Bolivia y Ecuador.<\/p>\n<p style=\"text-align: justify;\">La Vinotinto comenzar\u00e1 a trabajar este jueves, 3 de noviembre, junto con\u00a0la Selecci\u00f3n Nacional Sub-20 en el Centro Nacional de Alto Rendimiento. En los pr\u00f3ximos d\u00edas, a medida que vayan finalizando sus compromisos con sus clubes, los convocados se van a sumar a la concentraci\u00f3n.<\/p>\n<p style=\"text-align: justify;\">Entre las novedades en la convocatoria para esta nueva jornada premundialista destacan los llamados del defensor Rubert Quijada, los mediocampistas Jacobo Kuffaty y Renzo Zambrano y los atacantes Edder Far\u00edas y Manuel Arteaga.<\/p>\n<p style=\"text-align: justify;\">Los 28 convocados y el cuerpo t\u00e9cnico viajar\u00e1n desde el estado Nueva Esparta a la ciudad de Matur\u00edn el pr\u00f3ximo mi\u00e9rcoles 9 para disputar el und\u00e9cimo encuentro ante Bolivia. Posteriormente se trasladar\u00e1n a la ciudad de Quito, Ecuador, para enfrentar a la selecci\u00f3n meridional el martes 15.<\/p>\n<p style=\"text-align: justify;\"><strong><span style=\"text-decoration: underline;\">CONVOCATORIA<\/span>:<\/strong><\/p>\n<p style=\"text-align: justify;\"><strong>Porteros:<\/strong> Dani Hern\u00e1ndez (Tenerife-ESP), Jos\u00e9 Contreras (Deportivo T\u00e1chira) y Wuilker Far\u00ed\u00f1ez (Caracas\u00a0FC).<\/p>\n<p style=\"text-align: justify;\"><strong>Defensores:<\/strong> Roberto Rosales (M\u00e1laga-ESP), Alexander Gonz\u00e1lez (Huesca-ESP), V\u00edctor Garc\u00eda (Nacional-POR), Oswaldo Vizcarrondo (Nantes-FRA), Wilker \u00c1ngel (Terek Grozny-RUS), Jos\u00e9 Manuel Vel\u00e1zquez (Arouca-POR), Jhon Chancellor (Deportivo La Guaira), Rubert Quijada (Caracas\u00a0FC), Mikel Villanueva (M\u00e1laga-ESP) y Rolf Feltscher (Getafe-ESP).<\/p>\n<p style=\"text-align: justify;\"><strong>Mediocampistas:<\/strong> Arqu\u00edmedes Figuera (Deportivo La Guaira), Tom\u00e1s Rinc\u00f3n (Genoa-ITA), Arles Flores (Deportivo La Guaira), Yangel Herrera (Atl\u00e9tico Venezuela), Renzo Zambrano\u00a0(Real Valladolid-ESP), Jhon Murillo\u00a0(Tondela-POR), <del>Alejandro Guerra (Atl\u00e9tico Nacional-COL)<\/del>, Adalberto Pe\u00f1aranda (Udinese-ITA), <del>Juan Pablo A\u00f1or (M\u00e1laga-ESP)<\/del>, R\u00f3mulo Otero (Atl\u00e9tico Mineiro-BRA) y Jacobo Kuffaty (Deportivo Cuenca-ECU).<\/p>\n<p style=\"text-align: justify;\"><strong>Delanteros:<\/strong> Jos\u00e9 Salom\u00f3n Rond\u00f3n (West Bromwich Albion-ING), Edder Far\u00edas (Caracas\u00a0FC), Josef Mart\u00ednez (Torino-ITA) y Manuel Arteaga (The Strongest-BOL).<\/p>\n<blockquote class=\"instagram-media\" style=\"background: #FFF; border: 0; border-radius: 3px; box-shadow: 0 0 1px 0 rgba(0,0,0,0.5),0 1px 10px 0 rgba(0,0,0,0.15); margin: 1px; max-width: 658px; padding: 0; width: calc(100% - 2px);\" data-instgrm-captioned=\"\" data-instgrm-version=\"7\">\n<div style=\"padding: 8px;\">\n<div style=\"background: #F8F8F8; line-height: 0; margin-top: 40px; padding: 50.0% 0; text-align: center; width: 100%;\"><\/div>\n<p style=\"margin: 8px 0 0 0; padding: 0 4px;\"><a style=\"color: #000; font-family: Arial,sans-serif; font-size: 14px; font-style: normal; font-weight: normal; line-height: 17px; text-decoration: none; word-wrap: break-word;\" href=\"https:\/\/www.instagram.com\/p\/BMUPfHhACVx\/\" target=\"_blank\">#RafaelDudamel entreg\u00f3 la lista de jugadores convocados a la Selecci\u00f3n de #Venezuela para enfrentar a #Bolivia y<\/a>\u00a0<a style=\"color: #000; font-family: Arial,sans-serif; font-size: 14px; font-style: normal; font-weight: normal; line-height: 17px; text-decoration: none; word-wrap: break-word;\" href=\"https:\/\/www.instagram.com\/p\/BMUPfHhACVx\/\" target=\"_blank\">#Ecuador<\/a>\u00a0<a style=\"color: #000; font-family: Arial,sans-serif; font-size: 14px; font-style: normal; font-weight: normal; line-height: 17px; text-decoration: none; word-wrap: break-word;\" href=\"https:\/\/www.instagram.com\/p\/BMUPfHhACVx\/\" target=\"_blank\">la pr\u00f3xima doble fecha que inicia en Matur\u00edn. \u00bfQu\u00e9 te parece la lista? Para m\u00e1s\u00a0informaci\u00f3n\u00a0visita\u00a0GradaDigital.com (@gradadigital), o descarga la #App M\u00f3vil Oficial de #GradaDigital disponible en el #GooglePlay. #Venezuela #FVF #Vinotinto #VamosVinotinto #GD #Eliminatorias\u00a0#LaVinotinto<\/a><\/p>\n<p style=\"color: #c9c8cd; font-family: Arial,sans-serif; font-size: 14px; line-height: 17px; margin-bottom: 0; margin-top: 8px; overflow: hidden; padding: 8px 0 7px; text-align: center; text-overflow: ellipsis; white-space: nowrap;\">Una foto publicada por GradaDigital.com (@gradadigital) el <time style=\"font-family: Arial,sans-serif; font-size: 14px; line-height: 17px;\" datetime=\"2016-11-02T17:33:06+00:00\">2 de Nov de 2016 a la(s) 10:33 PDT<\/time><\/p>\n<\/div>\n<\/blockquote>\n<p><script async defer src=\"\/\/platform.instagram.com\/en_US\/embeds.js\"><\/script><\/p>\n","protected":false},"excerpt":{"rendered":"<p>Prensa Vinotinto &#8211; El seleccionador nacional Rafael Dudamel anunci\u00f3 la lista de 28 convocados para disputar los partidos de las jornadas 11 y 12 de la Eliminatoria a la Copa del Mundo de Rusia 2018 frente a Bolivia y Ecuador. La Vinotinto comenzar\u00e1 a trabajar este jueves, 3 de noviembre, junto con\u00a0la Selecci\u00f3n Nacional Sub-20 &#8230;<\/p>\n","protected":false},"author":4,"featured_media":32250,"comment_status":"closed","ping_status":"closed","sticky":false,"template":"","format":"standard","meta":{"footnotes":""},"categories":[752,1878,40,3],"tags":[937,654,985,71],"class_list":["post-33042","post","type-post","status-publish","format-standard","has-post-thumbnail","hentry","category-appgd","category-rusia-2018","category-seleccion-nacional-mayores","category-seleccion-nacional","tag-bolivia","tag-ecuador","tag-rusia-2018","tag-vinotinto"],"_links":{"self":[{"href":"http:\/\/gradadigital.com\/home\/wp-json\/wp\/v2\/posts\/33042","targetHints":{"allow":["GET"]}}],"collection":[{"href":"http:\/\/gradadigital.com\/home\/wp-json\/wp\/v2\/posts"}],"about":[{"href":"http:\/\/gradadigital.com\/home\/wp-json\/wp\/v2\/types\/post"}],"author":[{"embeddable":true,"href":"http:\/\/gradadigital.com\/home\/wp-json\/wp\/v2\/users\/4"}],"replies":[{"embeddable":true,"href":"http:\/\/gradadigital.com\/home\/wp-json\/wp\/v2\/comments?post=33042"}],"version-history":[{"count":8,"href":"http:\/\/gradadigital.com\/home\/wp-json\/wp\/v2\/posts\/33042\/revisions"}],"predecessor-version":[{"id":33111,"href":"http:\/\/gradadigital.com\/home\/wp-json\/wp\/v2\/posts\/33042\/revisions\/33111"}],"wp:featuredmedia":[{"embeddable":true,"href":"http:\/\/gradadigital.com\/home\/wp-json\/wp\/v2\/media\/32250"}],"wp:attachment":[{"href":"http:\/\/gradadigital.com\/home\/wp-json\/wp\/v2\/media?parent=33042"}],"wp:term":[{"taxonomy":"category","embeddable":true,"href":"http:\/\/gradadigital.com\/home\/wp-json\/wp\/v2\/categories?post=33042"},{"taxonomy":"post_tag","embeddable":true,"href":"http:\/\/gradadigital.com\/home\/wp-json\/wp\/v2\/tags?post=33042"}],"curies":[{"name":"wp","href":"https:\/\/api.w.org\/{rel}","templated":true}]}}