{"id":32889,"date":"2016-10-23T22:54:36","date_gmt":"2016-10-24T03:24:36","guid":{"rendered":"http:\/\/gradadigital.com\/home\/?p=32889"},"modified":"2016-10-23T22:54:36","modified_gmt":"2016-10-24T03:24:36","slug":"zamora-se-despide-del-clausura-y-esperara-en-la-gran-final-por-la-estrella","status":"publish","type":"post","link":"http:\/\/gradadigital.com\/home\/zamora-se-despide-del-clausura-y-esperara-en-la-gran-final-por-la-estrella\/","title":{"rendered":"Zamora se despide del clausura y esperar\u00e1 en la Gran Final por la estrella"},"content":{"rendered":"<p style=\"text-align: center;\"><img loading=\"lazy\" decoding=\"async\" class=\"alignnone size-full wp-image-32890\" src=\"http:\/\/gradadigital.com\/home\/wp-content\/uploads\/2016\/10\/richard_blanco_zamora_lara_23102016.jpg\" alt=\"richard_blanco_zamora_lara_23102016\" width=\"682\" height=\"455\" srcset=\"http:\/\/gradadigital.com\/home\/wp-content\/uploads\/2016\/10\/richard_blanco_zamora_lara_23102016.jpg 682w, http:\/\/gradadigital.com\/home\/wp-content\/uploads\/2016\/10\/richard_blanco_zamora_lara_23102016-300x200.jpg 300w\" sizes=\"auto, (max-width: 682px) 100vw, 682px\" \/><\/p>\n<p style=\"text-align: justify;\"><strong>Eudy Nu\u00f1ez | Prensa Zamora FC,\u00a0<\/strong><strong>Barinas | <\/strong>En su \u00faltimo encuentro del Torneo Clausura 2016, el Zamora F\u00fatbol Club venci\u00f3 con marcador de 2-1 al Deportivo Lara en el estadio Agust\u00edn Tovar \u2018La Carolina\u2019 de Barinas. Pese a triunfar en su feudo, los de la Ciudad Marquesa no pudieron concretar su clasificaci\u00f3n al octogonal final.<\/p>\n<p style=\"text-align: justify;\">En apenas cinco minutos los dirigidos por Francesco Stifano generaron una triangulaci\u00f3n entre \u00c1ngel Far\u00eda, Richard Blanco y Yeferson Soteldo, la jugada culmin\u00f3 con un suave remate del juvenil a las manos del guardameta rojinegro. M\u00e1s tarde, Pedro Ram\u00edrez colg\u00f3 un buen centro desde la banda izquierda pero no logr\u00f3 conseguir acompa\u00f1ante dentro del \u00e1rea larense.<\/p>\n<p style=\"text-align: justify;\">Sobre el minuto 11 Soteldo sorprendi\u00f3 con un potente disparo de media distancia que pas\u00f3 rozando el larguero rival; a pesar de mostrar superioridad en el terreno de juego los visitantes abrieron el marcador al 16\u2019 por medio de Mat\u00edas Manzano que \u2013tras el cobro de tiro un libre- la envi\u00f3 al fondo de las redes blanquinegras.<\/p>\n<p style=\"text-align: justify;\">Poco tiempo bast\u00f3 para que la Furia Llanera colocara la igualdad en la pizarra: Ram\u00edrez desbord\u00f3 por el sector izquierdo, luego mand\u00f3 un pase para Richard Blanco que \u2018ba\u00f1\u00f3\u2019 al portero Edgar P\u00e9rez para el moment\u00e1neo 1-1. Tras el impulso an\u00edmico del primer tanto, los barineses continuaron con su propuesta ofensiva y al 26\u2019 C\u00e9sar Mart\u00ednez fue protagonista al encajar la segunda diana.<\/p>\n<p style=\"text-align: justify;\">En los \u00faltimos minutos de la primera mitad los blanquinegros por poco conectan el tercer tanto: primero con un buen disparo de Mart\u00ednez que fue atajado por Edgar P\u00e9rez; luego el defensor Yordan Osorio estuvo cerca de marcar, pero su testarazo se fue por un costado y con el moment\u00e1neo triunfo (2-1) se marcharon al descanso.<\/p>\n<p style=\"text-align: justify;\"><strong>SEGUNDO TIEMPO SIN GOLES<\/strong><\/p>\n<p style=\"text-align: justify;\">Durante el desarrollo del segundo tiempo se generaron escasas ocasiones de peligro en el terreno de juego del Agust\u00edn Tovar. Una de las pocas jugadas ofensivas fue originada por el artillero Blanco, el dorsal \u20189\u2019 sac\u00f3 un disparo que se fue ligeramente desviado por un costado.<\/p>\n<p style=\"text-align: justify;\">M\u00e1s tarde, la visita prob\u00f3 con un zapatazo de Jes\u00fas Bueno, pero este tambi\u00e9n pas\u00f3 por fuera. Para el minuto 58 Oscar Hern\u00e1ndez, quien reci\u00e9n hab\u00eda ingresado al campo, cabece\u00f3 dentro del \u00e1rea, pero la esf\u00e9rica se march\u00f3 por encima del marco larense.<\/p>\n<p style=\"text-align: justify;\">En los instantes finales, Blanco hizo efectivo un tiro libre que pas\u00f3 sin peligro alguno por el arco de P\u00e9rez. Pese a la sequ\u00eda de goles en el segundo tiempo, los dos tantos marcados en la primera parte fueron suficientes para los blanquinegros que sumaron los \u00faltimos tres puntos en el cierre del Clausura; ahora, los barineses deber\u00e1n aguardar por su siguiente rival y a partir de ahora enfocar\u00e1n todas sus fuerzas para batallar por el campeonato absoluto de la Temporada 2016.<\/p>\n<p style=\"text-align: justify;\"><strong>FICHA T\u00c9CNICA:<\/strong><\/p>\n<p style=\"text-align: justify;\"><strong>Zamora FC (2): <\/strong>Carlos Salazar, \u00c1ngel Far\u00eda, Edwin Peraza, Yordan Osorio, Ynmer Gonz\u00e1lez, Sebasti\u00e1n Contreras (Jos\u00e9 Pinto 71\u2019), Luis Vargas (Oscar Hern\u00e1ndez 57\u2019), Yeferson Soteldo (Erickson Gallardo 76\u2019), Pedro Ram\u00edrez, C\u00e9sar Mart\u00ednez, Richard Blanco. <strong>DT: <\/strong>Francesco Stifano.<\/p>\n<p style=\"text-align: justify;\"><strong>Suplentes sin jugar: <\/strong>Luis Curiel, Jos\u00e9 Soto, Ronaldo Lucena, Ricardo Clarke.<\/p>\n<p style=\"text-align: justify;\"><strong>\u00a0<\/strong><\/p>\n<p style=\"text-align: justify;\"><strong>Deportivo Lara (1): <\/strong>Edgar P\u00e9rez, Leminger Bol\u00edvar, Leonardo Falc\u00f3n, Octavio Zapata (Luis Colmen\u00e1rez 45+1\u2019), Oswaldo Chaurant, Ricardo Andreutti, Jes\u00fas Bueno (Pierre Pluchino 76\u2019), Darwin G\u00f3mez, Ely Valderrey, Mat\u00edas Manzano, Antonio Romero (C\u00e9sar Gonz\u00e1lez 65\u2019). <strong>DT: <\/strong>Leo Gonz\u00e1lez.<\/p>\n<p style=\"text-align: justify;\"><strong>Suplentes sin jugar: <\/strong>Eduardo Herrera, Daniel Carrillo, Yonaiker Reyes, Santiago Herrera.<\/p>\n<p style=\"text-align: justify;\"><strong>Goles: <\/strong>Richard Blanco 19\u2019, C\u00e9sar Mart\u00ednez 26\u2019 (ZAM); Mat\u00edas Manzano 16\u2019 (LAR).<\/p>\n<p style=\"text-align: justify;\"><strong>Amonestados: <\/strong>Sebasti\u00e1n Contreras 65\u2019, Pedro Ram\u00edrez 73\u2019 (ZAM); Luis Colmen\u00e1rez 55\u2019, 90\u2019, C\u00e9sar Gonz\u00e1lez 78\u2019, Pierre Pluchino 89\u2019, Oswaldo Chaurant 90+1\u2019 (LAR).<\/p>\n<p style=\"text-align: justify;\"><strong>Expulsados: <\/strong>Luis Colmen\u00e1rez \u2013por doble amarilla- 90\u2019 (LAR).<\/p>\n<p style=\"text-align: justify;\"><strong>\u00c1rbitro: <\/strong>Marlon Escalante (TAC).<\/p>\n<p style=\"text-align: justify;\"><strong>Estadio: <\/strong>Agust\u00edn Tovar \u2018La Carolina\u2019, Barinas (VEN).<\/p>\n","protected":false},"excerpt":{"rendered":"<p>Eudy Nu\u00f1ez | Prensa Zamora FC,\u00a0Barinas | En su \u00faltimo encuentro del Torneo Clausura 2016, el Zamora F\u00fatbol Club venci\u00f3 con marcador de 2-1 al Deportivo Lara en el estadio Agust\u00edn Tovar \u2018La Carolina\u2019 de Barinas. Pese a triunfar en su feudo, los de la Ciudad Marquesa no pudieron concretar su clasificaci\u00f3n al octogonal final. &#8230;<\/p>\n","protected":false},"author":4,"featured_media":32890,"comment_status":"closed","ping_status":"closed","sticky":false,"template":"","format":"standard","meta":{"footnotes":""},"categories":[752,8,5,31,21],"tags":[],"class_list":["post-32889","post","type-post","status-publish","format-standard","has-post-thumbnail","hentry","category-appgd","category-cd-lara","category-futbol-nacional","category-primera-division","category-zamora-fc"],"_links":{"self":[{"href":"http:\/\/gradadigital.com\/home\/wp-json\/wp\/v2\/posts\/32889","targetHints":{"allow":["GET"]}}],"collection":[{"href":"http:\/\/gradadigital.com\/home\/wp-json\/wp\/v2\/posts"}],"about":[{"href":"http:\/\/gradadigital.com\/home\/wp-json\/wp\/v2\/types\/post"}],"author":[{"embeddable":true,"href":"http:\/\/gradadigital.com\/home\/wp-json\/wp\/v2\/users\/4"}],"replies":[{"embeddable":true,"href":"http:\/\/gradadigital.com\/home\/wp-json\/wp\/v2\/comments?post=32889"}],"version-history":[{"count":1,"href":"http:\/\/gradadigital.com\/home\/wp-json\/wp\/v2\/posts\/32889\/revisions"}],"predecessor-version":[{"id":32891,"href":"http:\/\/gradadigital.com\/home\/wp-json\/wp\/v2\/posts\/32889\/revisions\/32891"}],"wp:featuredmedia":[{"embeddable":true,"href":"http:\/\/gradadigital.com\/home\/wp-json\/wp\/v2\/media\/32890"}],"wp:attachment":[{"href":"http:\/\/gradadigital.com\/home\/wp-json\/wp\/v2\/media?parent=32889"}],"wp:term":[{"taxonomy":"category","embeddable":true,"href":"http:\/\/gradadigital.com\/home\/wp-json\/wp\/v2\/categories?post=32889"},{"taxonomy":"post_tag","embeddable":true,"href":"http:\/\/gradadigital.com\/home\/wp-json\/wp\/v2\/tags?post=32889"}],"curies":[{"name":"wp","href":"https:\/\/api.w.org\/{rel}","templated":true}]}}