{"id":32828,"date":"2016-10-17T22:11:49","date_gmt":"2016-10-18T02:41:49","guid":{"rendered":"http:\/\/gradadigital.com\/home\/?p=32828"},"modified":"2016-10-20T11:14:18","modified_gmt":"2016-10-20T15:44:18","slug":"nueva-directiva-asume-en-el-aurinegro","status":"publish","type":"post","link":"http:\/\/gradadigital.com\/home\/nueva-directiva-asume-en-el-aurinegro\/","title":{"rendered":"Nueva directiva asume en el Aurinegro"},"content":{"rendered":"<p style=\"text-align: center;\"><img loading=\"lazy\" decoding=\"async\" class=\"alignnone size-full wp-image-32829\" src=\"http:\/\/gradadigital.com\/home\/wp-content\/uploads\/2016\/10\/rueda_de_prensa_tachira_17102016.jpg\" alt=\"rueda_de_prensa_tachira_17102016\" width=\"682\" height=\"455\" srcset=\"http:\/\/gradadigital.com\/home\/wp-content\/uploads\/2016\/10\/rueda_de_prensa_tachira_17102016.jpg 682w, http:\/\/gradadigital.com\/home\/wp-content\/uploads\/2016\/10\/rueda_de_prensa_tachira_17102016-300x200.jpg 300w\" sizes=\"auto, (max-width: 682px) 100vw, 682px\" \/><\/p>\n<p style=\"text-align: justify;\"><strong>Leandro Osorio \/ Prensa Deportivo T\u00e1chira &#8211;\u00a0<\/strong>La Sala de Prensa del Estadio Polideportivo de Pueblo Nuevo sirvi\u00f3 como escenario para enmarcar un nuevo momento hist\u00f3rico dentro del libro dorado del Deportivo T\u00e1chira F.C. Luego de la \u00a0importante victoria del Aurinegro ante el Aragua F.C. por la Jornada 18 del Torneo Clausura 2016, se present\u00f3 la nueva directiva que tomar\u00e1 las riendas del cuadro cordial.<\/p>\n<p style=\"text-align: justify;\">Bajo un colorido marco con m\u00e1s de 12.000 personas presentes en el Templo Sagrado, la formalizaci\u00f3n de los nuevos propietarios del club m\u00e1s grande del pa\u00eds cerr\u00f3 el exitoso d\u00eda para el aurinegro.<\/p>\n<p style=\"text-align: justify;\">En medio de nostalgia y alegr\u00eda, Jos\u00e9 Kabche anterior vicepresidente de la instituci\u00f3n, de la mano de Juan Su\u00e1rez, Presidenta Ejecutiva; Mino F\u00e9voli, gerente general, Javier\u00a0 Minniti, gerente deportivo y Andr\u00e9s S\u00e1nchez, directivo; agradecieron a medios de comunicaci\u00f3n y p\u00fablico en general, el apoyo brindado durante su gesti\u00f3n, dando a su vez la bienvenida a la nueva etapa dirigencial que vivir\u00e1 el conjunto atigrado. Tambi\u00e9n los capitanes Jorge Rojas y Gerzon Chac\u00f3n, fueron parte de la actividad.<\/p>\n<p style=\"text-align: justify;\"><strong>\u201cFueron muchos los momentos hermosos que viv\u00ed con el Deportivo T\u00e1chira, hicimos historia en competencias continentales adem\u00e1s de los tres t\u00edtulos que hoy resaltan nuestro escudo\u201d, <\/strong>iniciaba Kabche con sentimientos encontrados por el presente que lo engloba, resaltando adem\u00e1s, el orgullo de haber comandado al equipo tachirense durante a\u00f1os.<\/p>\n<p style=\"text-align: justify;\"><strong>\u201cHoy damos un paso al costado con la frente en alto y con un equipo peleando en los primeros puestos tabla. Sabiendo que jam\u00e1s\u00a0 dejaremos de ser hinchas del aurinegro\u201d, <\/strong>puntualiz\u00f3 el antiguo jerarca.<\/p>\n<p style=\"text-align: justify;\">Juana Su\u00e1rez fue la segunda en intervenir, enalteciendo la buena labor durante los \u00faltimos a\u00f1os de trabajo, que\u00a0 hoy califican la gesti\u00f3n como la mejor directiva que ha pasado por la instituci\u00f3n. <strong>\u201cGracias por creer en nosotros, por creer en los tachirenses. Este equipo nadie lo saca de nuestros corazones, y siempre estaremos deseando lo mejor para estos colores\u201d <\/strong>cerraba Su\u00e1rez.<\/p>\n<p style=\"text-align: justify;\">Posteriormente, los nuevos propietarios del ocho estrellas de Venezuela encabezado por Jorge Silva, Presidente de Grupo JHS; en compa\u00f1\u00eda de Vladimir Hoyos, Andr\u00f3nico Varela y Juan Carlos Lobo, hicieron formal la vinculaci\u00f3n de esta empresa con el cuadro andino.<strong> \u201cHoy estoy en la silla m\u00e1s deseada para cualquier tachirense, ser presidente del equipo, y asumo el reto con total compromiso\u201d\u00a0 <\/strong>iniciaba Silva.<\/p>\n<p style=\"text-align: justify;\"><strong>\u201cCreemos en el mismo sue\u00f1o que Edmundo, y seguiremos encaminados por el mismo rumbo que tra\u00eda la instituci\u00f3n\u201d,<\/strong> finalizaba Silva como nuevo mandam\u00e1s de la instituci\u00f3n, agradeciendo el buen recibimiento por parte de los presentes y asegurando grandes momentos para el Deportivo T\u00e1chira F.C.<\/p>\n","protected":false},"excerpt":{"rendered":"<p>Leandro Osorio \/ Prensa Deportivo T\u00e1chira &#8211;\u00a0La Sala de Prensa del Estadio Polideportivo de Pueblo Nuevo sirvi\u00f3 como escenario para enmarcar un nuevo momento hist\u00f3rico dentro del libro dorado del Deportivo T\u00e1chira F.C. Luego de la \u00a0importante victoria del Aurinegro ante el Aragua F.C. por la Jornada 18 del Torneo Clausura 2016, se present\u00f3 la &#8230;<\/p>\n","protected":false},"author":4,"featured_media":32829,"comment_status":"closed","ping_status":"closed","sticky":false,"template":"","format":"standard","meta":{"footnotes":""},"categories":[752,11,5,31],"tags":[],"class_list":["post-32828","post","type-post","status-publish","format-standard","has-post-thumbnail","hentry","category-appgd","category-deportivo-tachira","category-futbol-nacional","category-primera-division"],"_links":{"self":[{"href":"http:\/\/gradadigital.com\/home\/wp-json\/wp\/v2\/posts\/32828","targetHints":{"allow":["GET"]}}],"collection":[{"href":"http:\/\/gradadigital.com\/home\/wp-json\/wp\/v2\/posts"}],"about":[{"href":"http:\/\/gradadigital.com\/home\/wp-json\/wp\/v2\/types\/post"}],"author":[{"embeddable":true,"href":"http:\/\/gradadigital.com\/home\/wp-json\/wp\/v2\/users\/4"}],"replies":[{"embeddable":true,"href":"http:\/\/gradadigital.com\/home\/wp-json\/wp\/v2\/comments?post=32828"}],"version-history":[{"count":1,"href":"http:\/\/gradadigital.com\/home\/wp-json\/wp\/v2\/posts\/32828\/revisions"}],"predecessor-version":[{"id":32830,"href":"http:\/\/gradadigital.com\/home\/wp-json\/wp\/v2\/posts\/32828\/revisions\/32830"}],"wp:featuredmedia":[{"embeddable":true,"href":"http:\/\/gradadigital.com\/home\/wp-json\/wp\/v2\/media\/32829"}],"wp:attachment":[{"href":"http:\/\/gradadigital.com\/home\/wp-json\/wp\/v2\/media?parent=32828"}],"wp:term":[{"taxonomy":"category","embeddable":true,"href":"http:\/\/gradadigital.com\/home\/wp-json\/wp\/v2\/categories?post=32828"},{"taxonomy":"post_tag","embeddable":true,"href":"http:\/\/gradadigital.com\/home\/wp-json\/wp\/v2\/tags?post=32828"}],"curies":[{"name":"wp","href":"https:\/\/api.w.org\/{rel}","templated":true}]}}