{"id":32826,"date":"2016-10-18T22:07:51","date_gmt":"2016-10-19T02:37:51","guid":{"rendered":"http:\/\/gradadigital.com\/home\/?p=32826"},"modified":"2016-10-20T11:09:36","modified_gmt":"2016-10-20T15:39:36","slug":"deyna-castellanos-candidata-al-balon-de-oro","status":"publish","type":"post","link":"http:\/\/gradadigital.com\/home\/deyna-castellanos-candidata-al-balon-de-oro\/","title":{"rendered":"Deyna Castellanos candidata al Bal\u00f3n de Oro"},"content":{"rendered":"<p style=\"text-align: center;\"><img loading=\"lazy\" decoding=\"async\" class=\"alignnone size-full wp-image-32725\" src=\"http:\/\/gradadigital.com\/home\/wp-content\/uploads\/2016\/10\/deyna_castellanos_mexico_venezuela_12102016_809858.jpg\" alt=\"deyna_castellanos_mexico_venezuela_12102016_809858\" width=\"682\" height=\"455\" srcset=\"http:\/\/gradadigital.com\/home\/wp-content\/uploads\/2016\/10\/deyna_castellanos_mexico_venezuela_12102016_809858.jpg 682w, http:\/\/gradadigital.com\/home\/wp-content\/uploads\/2016\/10\/deyna_castellanos_mexico_venezuela_12102016_809858-300x200.jpg 300w\" sizes=\"auto, (max-width: 682px) 100vw, 682px\" \/><\/p>\n<p style=\"text-align: justify;\"><strong>Prensa CONMEBOL &#8211;<\/strong> Un d\u00eda despu\u00e9s de las semifinales de la Copa Mundial Femenina Sub-17 de la FIFA, el Grupo de Estudios T\u00e9cnicos de la FIFA (GET), dirigido en Jordania por la francesa Elisabeth Loisel, ha anunciado la lista de las finalistas en la pugna por el Bal\u00f3n de Oro, que se entrega a la mejor futbolista del certamen, y el Guante de Oro, reservado a la mejor arquera.<\/p>\n<p style=\"text-align: justify;\">\u00abEl t\u00edtulo tambi\u00e9n podr\u00eda ser para una jugadora que ha brillado durante todo el torneo, aunque no dispute la final\u00bb, relata la p\u00e1gina web oficial de la FIFA, en referencia a la Venezolana Deyna Castellanos.<\/p>\n<p style=\"text-align: justify;\">La misma tiene cinco goles convertidos en el Mundial de Jordania, todos vistosos e importantes para su selecci\u00f3n, y busca otra distinci\u00f3n para sumar en sus vitrinas. Recordemos que la misma ha recibido la Bota de Oro de la Copa Mundial Femenina de F\u00fatbol Sub-17 en el 2014, fue la m\u00e1xima goleadora del Torneo Ol\u00edmpico Juvenil de F\u00fatbol Femenino en Nank\u00edn en ese mismo a\u00f1o, y en el mes de marzo del presente a\u00f1o se adjudic\u00f3 el premio a la m\u00e1xima goleadora del Campeonato Sudamericano Femenino Sub-17.<\/p>\n<p style=\"text-align: justify;\"><strong>Lista completa de candidatas:<\/strong><\/p>\n<p style=\"text-align: justify;\"><strong>Bal\u00f3n de Oro adidas<\/strong><\/p>\n<p style=\"text-align: justify;\">Laia Aleixandri (ESP)<br \/>\nCandela And\u00fajar (ESP)<br \/>\n<strong>Deyna Castellanos (VEN)<\/strong><br \/>\nHinata Miyazawa (JPN)<br \/>\nFuka Nagano (JPN)<br \/>\nRi Hae Yon (PRK)<br \/>\nRi Kum Hyang (PRK)<br \/>\nSung Hyang Sim (PRK)<br \/>\nHana Takahashi (JPN)<br \/>\nRiko Ueki (JPN)<\/p>\n<p style=\"text-align: justify;\"><strong>Guante de Oro adidas<\/strong><\/p>\n<p style=\"text-align: justify;\">Ok Kum Ju (PRK)<br \/>\nNoelia Ramos (ESP)<br \/>\nMomoko Tanaka (JPN)<\/p>\n","protected":false},"excerpt":{"rendered":"<p>Prensa CONMEBOL &#8211; Un d\u00eda despu\u00e9s de las semifinales de la Copa Mundial Femenina Sub-17 de la FIFA, el Grupo de Estudios T\u00e9cnicos de la FIFA (GET), dirigido en Jordania por la francesa Elisabeth Loisel, ha anunciado la lista de las finalistas en la pugna por el Bal\u00f3n de Oro, que se entrega a la &#8230;<\/p>\n","protected":false},"author":4,"featured_media":32725,"comment_status":"closed","ping_status":"closed","sticky":false,"template":"","format":"standard","meta":{"footnotes":""},"categories":[752,41,26,3],"tags":[],"class_list":["post-32826","post","type-post","status-publish","format-standard","has-post-thumbnail","hentry","category-appgd","category-futbol-femenino","category-seleccion-femenina","category-seleccion-nacional"],"_links":{"self":[{"href":"http:\/\/gradadigital.com\/home\/wp-json\/wp\/v2\/posts\/32826","targetHints":{"allow":["GET"]}}],"collection":[{"href":"http:\/\/gradadigital.com\/home\/wp-json\/wp\/v2\/posts"}],"about":[{"href":"http:\/\/gradadigital.com\/home\/wp-json\/wp\/v2\/types\/post"}],"author":[{"embeddable":true,"href":"http:\/\/gradadigital.com\/home\/wp-json\/wp\/v2\/users\/4"}],"replies":[{"embeddable":true,"href":"http:\/\/gradadigital.com\/home\/wp-json\/wp\/v2\/comments?post=32826"}],"version-history":[{"count":1,"href":"http:\/\/gradadigital.com\/home\/wp-json\/wp\/v2\/posts\/32826\/revisions"}],"predecessor-version":[{"id":32827,"href":"http:\/\/gradadigital.com\/home\/wp-json\/wp\/v2\/posts\/32826\/revisions\/32827"}],"wp:featuredmedia":[{"embeddable":true,"href":"http:\/\/gradadigital.com\/home\/wp-json\/wp\/v2\/media\/32725"}],"wp:attachment":[{"href":"http:\/\/gradadigital.com\/home\/wp-json\/wp\/v2\/media?parent=32826"}],"wp:term":[{"taxonomy":"category","embeddable":true,"href":"http:\/\/gradadigital.com\/home\/wp-json\/wp\/v2\/categories?post=32826"},{"taxonomy":"post_tag","embeddable":true,"href":"http:\/\/gradadigital.com\/home\/wp-json\/wp\/v2\/tags?post=32826"}],"curies":[{"name":"wp","href":"https:\/\/api.w.org\/{rel}","templated":true}]}}