{"id":32782,"date":"2016-10-15T12:05:03","date_gmt":"2016-10-15T16:35:03","guid":{"rendered":"http:\/\/gradadigital.com\/home\/?p=32782"},"modified":"2016-10-15T12:05:03","modified_gmt":"2016-10-15T16:35:03","slug":"video-tremenda-rumba-asi-bailo-la-vinotinto-femenina-sub-17-antes-de-enfrentar-a-mexico","status":"publish","type":"post","link":"http:\/\/gradadigital.com\/home\/video-tremenda-rumba-asi-bailo-la-vinotinto-femenina-sub-17-antes-de-enfrentar-a-mexico\/","title":{"rendered":"VIDEO | \u00a1Tremenda rumba! As\u00ed bail\u00f3 la Vinotinto femenina Sub-17 antes de enfrentar a M\u00e9xico"},"content":{"rendered":"<p style=\"text-align: center;\"><img decoding=\"async\" src=\"http:\/\/gradadigital.com\/home\/wp-content\/uploads\/2016\/10\/deyna_castellanos_mexico_venezuela_12102016_678.jpg\" \/><\/p>\n<p style=\"text-align: justify;\"><strong>GradaDigital.com &#8211;<\/strong>\u00a0El pasado mi\u00e9rcoles, 12 de octubre, Venezuela derrot\u00f3 (1-2) a M\u00e9xico, en los cuartos de final de la Copa Mundial Femenina Sub-17 de la FIFA Jordania 2016. Esto seguramente ya lo sab\u00edas pero quiz\u00e1s de lo que no te has enterado es de la &#8216;rumba&#8217; que arm\u00f3 la Vinotinto femenina Sub-17 al ritmo de la canci\u00f3n &#8216;Si tu eres mi hombre&#8217;, versi\u00f3n merengue, en el vestuario del Estadio Internacional de Am\u00e1n antes de enfrentar a la mexicanas. No existe duda que la alegr\u00eda, el baile y el compa\u00f1erismo son fundamentales en esta selecci\u00f3n.<\/p>\n<p style=\"text-align: justify;\"><strong>\u00bfEl baile\u00a0ser\u00e1\u00a0parte del calentamiento previo?<\/strong><\/p>\n<p><video id=\"video\" controls=\"controls\" width=\"621\" height=\"621\"><source type=\"video\/mp4\" src=\"http:\/\/scontent-mia1-2.cdninstagram.com\/t50.2886-16\/14669406_683447938500052_8829644958832001024_n.mp4\" \/><\/video><\/p>\n","protected":false},"excerpt":{"rendered":"<p>GradaDigital.com &#8211;\u00a0El pasado mi\u00e9rcoles, 12 de octubre, Venezuela derrot\u00f3 (1-2) a M\u00e9xico, en los cuartos de final de la Copa Mundial Femenina Sub-17 de la FIFA Jordania 2016. Esto seguramente ya lo sab\u00edas pero quiz\u00e1s de lo que no te has enterado es de la &#8216;rumba&#8217; que arm\u00f3 la Vinotinto femenina Sub-17 al ritmo de &#8230;<\/p>\n","protected":false},"author":3,"featured_media":32714,"comment_status":"closed","ping_status":"closed","sticky":false,"template":"","format":"standard","meta":{"footnotes":""},"categories":[27,752,41,26,3],"tags":[1952,1856,1936,1850,1956],"class_list":["post-32782","post","type-post","status-publish","format-standard","has-post-thumbnail","hentry","category-video","category-appgd","category-futbol-femenino","category-seleccion-femenina","category-seleccion-nacional","tag-copa-mundial-femenina-sub-17","tag-futbol-femenino","tag-jordania-2016","tag-seleccion-femenina","tag-u17wwc"],"_links":{"self":[{"href":"http:\/\/gradadigital.com\/home\/wp-json\/wp\/v2\/posts\/32782","targetHints":{"allow":["GET"]}}],"collection":[{"href":"http:\/\/gradadigital.com\/home\/wp-json\/wp\/v2\/posts"}],"about":[{"href":"http:\/\/gradadigital.com\/home\/wp-json\/wp\/v2\/types\/post"}],"author":[{"embeddable":true,"href":"http:\/\/gradadigital.com\/home\/wp-json\/wp\/v2\/users\/3"}],"replies":[{"embeddable":true,"href":"http:\/\/gradadigital.com\/home\/wp-json\/wp\/v2\/comments?post=32782"}],"version-history":[{"count":1,"href":"http:\/\/gradadigital.com\/home\/wp-json\/wp\/v2\/posts\/32782\/revisions"}],"predecessor-version":[{"id":32783,"href":"http:\/\/gradadigital.com\/home\/wp-json\/wp\/v2\/posts\/32782\/revisions\/32783"}],"wp:featuredmedia":[{"embeddable":true,"href":"http:\/\/gradadigital.com\/home\/wp-json\/wp\/v2\/media\/32714"}],"wp:attachment":[{"href":"http:\/\/gradadigital.com\/home\/wp-json\/wp\/v2\/media?parent=32782"}],"wp:term":[{"taxonomy":"category","embeddable":true,"href":"http:\/\/gradadigital.com\/home\/wp-json\/wp\/v2\/categories?post=32782"},{"taxonomy":"post_tag","embeddable":true,"href":"http:\/\/gradadigital.com\/home\/wp-json\/wp\/v2\/tags?post=32782"}],"curies":[{"name":"wp","href":"https:\/\/api.w.org\/{rel}","templated":true}]}}