{"id":3271,"date":"2013-08-08T02:28:42","date_gmt":"2013-08-08T06:58:42","guid":{"rendered":"http:\/\/gradadigital.com\/home\/?p=3271"},"modified":"2013-08-08T02:28:42","modified_gmt":"2013-08-08T06:58:42","slug":"fotos-el-aurinegro-fue-presentado-de-cara-al-torneo","status":"publish","type":"post","link":"http:\/\/gradadigital.com\/home\/fotos-el-aurinegro-fue-presentado-de-cara-al-torneo\/","title":{"rendered":"+FOTOS | El \u00abAurinegro\u00bb fue presentado de cara al torneo"},"content":{"rendered":"<p style=\"text-align: center;\"><img loading=\"lazy\" decoding=\"async\" class=\"alignnone size-full wp-image-3272\" alt=\"presentacion_tachira_07082013_5\" src=\"http:\/\/gradadigital.com\/home\/wp-content\/uploads\/2013\/08\/presentacion_tachira_07082013_5.jpg\" width=\"596\" height=\"346\" srcset=\"http:\/\/gradadigital.com\/home\/wp-content\/uploads\/2013\/08\/presentacion_tachira_07082013_5.jpg 596w, http:\/\/gradadigital.com\/home\/wp-content\/uploads\/2013\/08\/presentacion_tachira_07082013_5-300x174.jpg 300w\" sizes=\"auto, (max-width: 596px) 100vw, 596px\" \/><\/p>\n<p style=\"text-align: justify;\"><b>Joaqu\u00edn D\u00edas\/ Prensa Deportivo T\u00e1chira<\/b> &#8211; Este mi\u00e9rcoles fue presentado el equipo insigne del estado T\u00e1chira, y sin\u00a0 duda el conjunto m\u00e1s representativo del f\u00fatbol nacional, en evento que tuvo como sede el Teatro de la Casa Sindical de San Crist\u00f3bal y sirvi\u00f3 como marco de antesala para la promisoria Temporada 2013-2014 del f\u00fatbol profesional venezolano.<\/p>\n<p style=\"text-align: justify;\">En el magno evento se hicieron presentes todos los factores que hacen vida en torno al conjunto m\u00e1s popular del pa\u00eds: mandatarios y directores de la regi\u00f3n, medios de comunicaci\u00f3n, directivos y cuerpo t\u00e9cnico del club, adem\u00e1s de una delegaci\u00f3n \u00a0de 100 Abonados Aurinegros encargados de representar la hinchada m\u00e1s grande del balompi\u00e9 criollo, plegaron\u00a0al m\u00e1ximo la capacidad del recinto, llevando as\u00ed la alegr\u00eda y la pasi\u00f3n que despiertan los colores amarillos y negros.<\/p>\n<p style=\"text-align: justify;\">El espect\u00e1culo transmitido en vivo por la Televisora del T\u00e1chira, sirvi\u00f3 de vitrina para exponer toda la estructura organizacional de la divisa, la Cantera Aurinegra y sus nueve categor\u00edas, el compromiso social y popular del club, y adem\u00e1s para presentar\u00a0 las nuevas figuras del equipo atigrado en esta temporada y develar los sponsor oficiales del equipo, con los cuales la instituci\u00f3n tachirense reafirma sus v\u00ednculos comerciales y deportivos.<\/p>\n<p style=\"text-align: justify;\">De esta manera, la directiva cuerpo t\u00e9cnico y jugadores comienzan a labrar el espinado camino que llevar\u00e1 a la conquista de la anhelada octava estrella, enfoc\u00e1ndose definitivamente para el pitazo inicial que se escuchar\u00e1 el pr\u00f3ximo domingo 11 de agosto a las 5 de la tarde en el Templo Sagrado de Pueblo Nuevo, teniendo como primer rival del torneo al Deportivo La Guaira.<\/p>\n<p style=\"text-align: justify;\"><b>\u00a0Juana Su\u00e1rez: \u201cLa clave del \u00e9xito es la constancia, el esfuerzo y el trabajo\u201d<\/b><\/p>\n<p style=\"text-align: justify;\">Juana Su\u00e1rez, recientemente galardonada por la FVF como mejor dirigente del pa\u00eds en la temporada 2012-2013 por su labor al frente del equipo m\u00e1s representativo de Venezuela, expres\u00f3 su orgullo por pertenecer a la instituci\u00f3n insigne del estado. Tambi\u00e9n aprovech\u00f3 para extender su gratitud a\u00a0todos los factores que hacen vida en el equipo tachirense, en especial a toda la afici\u00f3n por estar siempre presentes apoyando al equipo.<\/p>\n<p style=\"text-align: justify;\">La presidenta del siete veces campe\u00f3n, record\u00f3 con mucha emoci\u00f3n a su gran amigo Ruffos John, destac\u00e1ndolo en medio de un sentido homenaje como pieza fundamental de todos los logros que se han venido sumando a nivel institucional y deportivo durante los siete a\u00f1os de gesti\u00f3n de este grupo directivo. Se anunci\u00f3 la creaci\u00f3n de la Fundaci\u00f3n Rufos John, por medio de la cual el club potenciar\u00e1 su labor social.<\/p>\n<p style=\"text-align: justify;\"><b>Karim Assafo: \u201cMe siento orgulloso por el trabajo que se est\u00e1 haciendo en la instituci\u00f3n\u201d<\/b><\/p>\n<p style=\"text-align: justify;\">El directivo del Deportivo T\u00e1chira F.C.\u00a0agradeci\u00f3 a todos los medios de comunicaci\u00f3n de la regi\u00f3n que se hicieron presentes \u00a0en el magno evento, as\u00ed como al resto de la directiva del equipo atigrado, jugadores, barras y resto de la afici\u00f3n del conjunto heptacampe\u00f3n de Venezuela. Tambi\u00e9n asegur\u00f3 sentirse muy ilusionado de cara al torneo que arrancar\u00e1 el pr\u00f3ximo domingo 11 de agosto.<\/p>\n<p style=\"text-align: justify;\">Durante su intervenci\u00f3n que precedi\u00f3 la entrada del plantel, el dirigente que hoy d\u00eda es una de las cabezas visibles del proyecto aurinegro, tambi\u00e9n aprovech\u00f3 para presentar a Kino T\u00e1chira y la Gobernaci\u00f3n del estado T\u00e1chira como nuevos patrocinantes, adelantando tambi\u00e9n el acuerdo\u00a0 en el que Directv y Empresas Polar refirmaron su compromiso por el deporte de la regi\u00f3n y cooperaci\u00f3n con el equipo por tres a\u00f1os m\u00e1s.<\/p>\n<p style=\"text-align: justify;\"><b>Presentada la Copa Seprisev<\/b><\/p>\n<p style=\"text-align: justify;\">El evento tambi\u00e9n sirvi\u00f3 como escenario para presentar la \u201cCopa Seprisev\u201d, la cual se estar\u00e1 disputando el pr\u00f3ximo domingo 11 de agosto en el estadio Polideportivo de Pueblo Nuevo a partir de las 5 tarde, en el encuentro que tendr\u00e1 como rivales al Deportivo T\u00e1chira F.C. y Deportivo La Guaira, por la primera jornada del Apertura 2013.<\/p>\n<p style=\"text-align: justify;\">El Coronel Gustavo Guerrero y Carolina Guerrero, padre e hija, m\u00e1ximos directivos del ente encargado de brindarle la seguridad a la instituci\u00f3n tachirense, \u00a0hicieron entrega del trofeo que conmemora sus 24 a\u00f1os de excelente funcionamiento, reafirmando los lazos de hermandad y cooperaci\u00f3n con el equipo atigrado.<\/p>\n<p style=\"text-align: justify;\"><b>\u00a0Plantel Joven y Talentoso<\/b><\/p>\n<p style=\"text-align: justify;\">El\u00a0 Deportivo T\u00e1chira F.C. a nivel deportivo e institucional, se presenta para esta nueza zafra 2013-2014 con un proyecto de los m\u00e1s ambiciosos que se han realizado en el balompi\u00e9 nacional. Fortalecer las bases como instituci\u00f3n y avanzar con car\u00e1cter de crecimeinto, as\u00ed como apostar por un plantel joven y con calidad representa la apuesta de la actual directiva del equipo atigrado para el presente y futuro del siete veces campe\u00f3n.<\/p>\n<p style=\"text-align: justify;\">El trabajo realizado procura en cristalizar todos los sue\u00f1os y pretensiones de esta noble afici\u00f3n\u00a0 y convertir al equipo de la ciudad de la cordialidad en\u00a0punta de lanza dentro de las fronteras criollas y a nivel sudamericano, enarbolando as\u00ed los colores que representan la identidad y pasi\u00f3n de todo un pueblo.<\/p>\n<p style=\"text-align: justify;\">Los guerreros aurinegros a disposici\u00f3n de Daniel Far\u00edas y equipo de trabajo para la temporada 2013-2014 son:<\/p>\n<p style=\"text-align: justify;\"><b>\u00a0\u00a0\u00a0\u00a0\u00a0\u00a0\u00a0\u00a0\u00a0\u00a0\u00a0<\/b><b><\/b><\/p>\n<p style=\"text-align: justify;\"><b>1\u00a0\u00a0\u00a0\u00a0\u00a0\u00a0\u00a0\u00a0\u00a0\u00a0\u00a0\u00a0\u00a0\u00a0 <\/b><b>Br\u00e9iner Clemente Castillo Caicedo<\/b><\/p>\n<p style=\"text-align: justify;\"><b>2\u00a0\u00a0\u00a0\u00a0\u00a0\u00a0\u00a0\u00a0\u00a0\u00a0\u00a0\u00a0\u00a0\u00a0 <\/b><b>Diego Armando Ostos D\u00edaz<\/b><b><\/b><\/p>\n<p style=\"text-align: justify;\"><b>3\u00a0\u00a0\u00a0\u00a0\u00a0\u00a0\u00a0\u00a0\u00a0\u00a0\u00a0\u00a0\u00a0\u00a0 <\/b><b>Richard Enmanuel Badillo P\u00e9rez<\/b><b><\/b><\/p>\n<p style=\"text-align: justify;\"><b>4\u00a0\u00a0\u00a0\u00a0\u00a0\u00a0\u00a0\u00a0\u00a0\u00a0\u00a0\u00a0\u00a0\u00a0 <\/b><b>Wilker Jos\u00e9 \u00c1ngel Romero<\/b><b><\/b><\/p>\n<p style=\"text-align: justify;\"><b>5\u00a0\u00a0\u00a0\u00a0\u00a0\u00a0\u00a0\u00a0\u00a0\u00a0\u00a0\u00a0\u00a0\u00a0 <\/b><b>Francisco Javier Flores Sequera<\/b><b><\/b><\/p>\n<p style=\"text-align: justify;\"><b>6\u00a0\u00a0\u00a0\u00a0\u00a0\u00a0\u00a0\u00a0\u00a0\u00a0\u00a0\u00a0\u00a0\u00a0 <\/b><b>\u00c1gnel Jos\u00e9 Flores Hern\u00e1ndez<\/b><b><\/b><\/p>\n<p style=\"text-align: justify;\"><b>7\u00a0\u00a0\u00a0\u00a0\u00a0\u00a0\u00a0\u00a0\u00a0\u00a0\u00a0\u00a0\u00a0\u00a0 <\/b><b>Jos\u00e9 Miguel Reyes Mar\u00edn<\/b><b><\/b><\/p>\n<p style=\"text-align: justify;\"><b>8\u00a0\u00a0\u00a0\u00a0\u00a0\u00a0\u00a0\u00a0\u00a0\u00a0\u00a0\u00a0\u00a0\u00a0 <\/b><b>\u00c1ngel Arturo Osorio Meza<\/b><\/p>\n<p style=\"text-align: justify;\"><b>9\u00a0\u00a0\u00a0\u00a0\u00a0\u00a0\u00a0\u00a0\u00a0\u00a0\u00a0\u00a0\u00a0\u00a0 <\/b><b>Gelm\u00edn Javier Rivas Boada<\/b><b><\/b><\/p>\n<p style=\"text-align: justify;\"><b>10\u00a0\u00a0\u00a0\u00a0\u00a0\u00a0\u00a0\u00a0\u00a0\u00a0\u00a0 <\/b><b>Yohandry Jos\u00e9 Orozco Cuj\u00eda<\/b><\/p>\n<p style=\"text-align: justify;\"><b>11\u00a0\u00a0\u00a0\u00a0\u00a0\u00a0\u00a0\u00a0\u00a0\u00a0\u00a0 <\/b><b>C\u00e9sar Eduardo Gonz\u00e1lez Amaiz\u00a0\u00a0\u00a0\u00a0\u00a0<\/b><b><\/b><\/p>\n<p style=\"text-align: justify;\"><b>12\u00a0\u00a0\u00a0\u00a0\u00a0\u00a0\u00a0\u00a0\u00a0\u00a0\u00a0 <\/b><b>Jos\u00e9 David Contreras Verna <\/b><b><\/b><\/p>\n<p style=\"text-align: justify;\"><b>13\u00a0\u00a0\u00a0\u00a0\u00a0\u00a0\u00a0\u00a0\u00a0\u00a0\u00a0 <\/b><b>Alexander Jos\u00e9 Osorio Meza<\/b><b><\/b><\/p>\n<p style=\"text-align: justify;\"><b>14\u00a0\u00a0\u00a0\u00a0\u00a0\u00a0\u00a0\u00a0\u00a0\u00a0\u00a0 <\/b><b>Ebby Jos\u00e9 P\u00e9rez Acero<\/b><b><\/b><\/p>\n<p style=\"text-align: justify;\"><b>15\u00a0\u00a0\u00a0\u00a0\u00a0\u00a0\u00a0\u00a0\u00a0\u00a0\u00a0 <\/b><b>Anibal Jos\u00e9 Rosales Heredia<\/b><\/p>\n<p style=\"text-align: justify;\"><b>16\u00a0\u00a0\u00a0\u00a0\u00a0\u00a0\u00a0\u00a0\u00a0\u00a0\u00a0 <\/b><b>Jhonny Fernando Camacho Montoya <\/b><\/p>\n<p style=\"text-align: justify;\"><b>17\u00a0\u00a0\u00a0\u00a0\u00a0\u00a0\u00a0\u00a0\u00a0\u00a0\u00a0 <\/b><b>Jos\u00e9 Al\u00ed Meza Draegertt<\/b><\/p>\n<p style=\"text-align: justify;\"><b>18\u00a0\u00a0\u00a0\u00a0\u00a0\u00a0\u00a0\u00a0\u00a0\u00a0\u00a0 <\/b><b>Juan Carlos Azocar Segura <\/b><\/p>\n<p style=\"text-align: justify;\"><b>19\u00a0\u00a0\u00a0\u00a0\u00a0\u00a0\u00a0\u00a0\u00a0\u00a0\u00a0 <\/b><b>Andr\u00e9s Fabi\u00e1n Ponce N\u00fa\u00f1ez<\/b><\/p>\n<p style=\"text-align: justify;\"><b>22\u00a0\u00a0\u00a0\u00a0\u00a0\u00a0\u00a0 Yerikson Alexander Murillo Rosas\u00a0\u00a0\u00a0<\/b><\/p>\n<p style=\"text-align: justify;\"><b>23\u00a0\u00a0\u00a0\u00a0\u00a0\u00a0\u00a0 \u00a0<\/b><b>Albert Jes\u00fas Zambrano Ferrer<\/b><\/p>\n<p style=\"text-align: justify;\"><b>25\u00a0\u00a0\u00a0\u00a0\u00a0\u00a0\u00a0 <\/b><b>Marcelo Alexander Moreno Borrero<\/b><\/p>\n<p style=\"text-align: justify;\"><b>26 \u00a0\u00a0\u00a0\u00a0\u00a0\u00a0 Giacomo Di Giorgi Zerillo<\/b><\/p>\n<p style=\"text-align: justify;\"><b>27\u00a0\u00a0\u00a0\u00a0\u00a0\u00a0\u00a0 Romeri Isidro Villamizar Becerra<\/b><\/p>\n<p style=\"text-align: justify;\"><b>28\u00a0\u00a0\u00a0\u00a0\u00a0\u00a0\u00a0 Carlos Gregorio Rivero Gonz\u00e1lez<\/b><\/p>\n<p style=\"text-align: justify;\"><b>29\u00a0\u00a0\u00a0\u00a0\u00a0\u00a0 Carlos Alfredo Salazar Cuman\u00e1<\/b><\/p>\n<p style=\"text-align: justify;\"><b>30\u00a0\u00a0\u00a0\u00a0\u00a0\u00a0 Juan Carlos Mora Velasco<\/b><\/p>\n<p style=\"text-align: justify;\"><b>31\u00a0\u00a0\u00a0\u00a0\u00a0\u00a0 <\/b><b>Jos\u00e9 Alejandro Guanipa Morales<\/b><\/p>\n<p style=\"text-align: justify;\"><b>32\u00a0\u00a0\u00a0\u00a0\u00a0\u00a0 Ronny Jes\u00fas Maza Miranda<\/b><\/p>\n<p style=\"text-align: justify;\"><b>33\u00a0\u00a0\u00a0\u00a0\u00a0\u00a0\u00a0Mikel Villanueva \u00c1lvarez<\/b><\/p>\n<p style=\"text-align: justify;\"><b>34\u00a0\u00a0\u00a0\u00a0\u00a0\u00a0 Hugo Andr\u00e9s G\u00f3mez Rodr\u00edguez<\/b><\/p>\n<p style=\"text-align: justify;\"><b>35\u00a0\u00a0\u00a0\u00a0\u00a0\u00a0 Junior Alexander Monsalve Miranda<\/b><\/p>\n<p style=\"text-align: justify;\"><b>\u00a0\u00a0\u00a0\u00a0\u00a0\u00a0\u00a0\u00a0\u00a0 Gerardo Colmenares<\/b><\/p>\n<p style=\"text-align: justify;\"><b>\u00a0\u00a0\u00a0\u00a0\u00a0\u00a0\u00a0\u00a0\u00a0\u00a0\u00a0 \u00a0\u00a0\u00a0Ronaldo Chac\u00f3n<\/b><\/p>\n<p style=\"text-align: justify;\"><b>\u00a0\u00a0\u00a0\u00a0\u00a0\u00a0\u00a0\u00a0\u00a0\u00a0\u00a0 \u00a0\u00a0\u00a0Andr\u00e9s Colmenares<\/b><\/p>\n<p style=\"text-align: justify;\"><b>\u00a0\u00a0\u00a0\u00a0\u00a0\u00a0\u00a0\u00a0\u00a0\u00a0\u00a0 \u00a0\u00a0Rafael S\u00e1nchez Islas<\/b><\/p>\n<p style=\"text-align: center;\"><a href=\"http:\/\/gradadigital.com\/home\/wp-content\/uploads\/2013\/08\/presentacion_tachira_07082013_6.jpg\"><img loading=\"lazy\" decoding=\"async\" class=\"alignnone size-full wp-image-3273\" alt=\"presentacion_tachira_07082013_6\" src=\"http:\/\/gradadigital.com\/home\/wp-content\/uploads\/2013\/08\/presentacion_tachira_07082013_6.jpg\" width=\"596\" height=\"346\" srcset=\"http:\/\/gradadigital.com\/home\/wp-content\/uploads\/2013\/08\/presentacion_tachira_07082013_6.jpg 596w, http:\/\/gradadigital.com\/home\/wp-content\/uploads\/2013\/08\/presentacion_tachira_07082013_6-300x174.jpg 300w\" sizes=\"auto, (max-width: 596px) 100vw, 596px\" \/><\/a><\/p>\n<p style=\"text-align: center;\"><a href=\"http:\/\/gradadigital.com\/home\/wp-content\/uploads\/2013\/08\/presentacion_tachira_07082013_4.jpg\"><img loading=\"lazy\" decoding=\"async\" class=\"alignnone size-full wp-image-3274\" alt=\"presentacion_tachira_07082013_4\" src=\"http:\/\/gradadigital.com\/home\/wp-content\/uploads\/2013\/08\/presentacion_tachira_07082013_4.jpg\" width=\"596\" height=\"346\" srcset=\"http:\/\/gradadigital.com\/home\/wp-content\/uploads\/2013\/08\/presentacion_tachira_07082013_4.jpg 596w, http:\/\/gradadigital.com\/home\/wp-content\/uploads\/2013\/08\/presentacion_tachira_07082013_4-300x174.jpg 300w\" sizes=\"auto, (max-width: 596px) 100vw, 596px\" \/><\/a><\/p>\n<p style=\"text-align: center;\"><a href=\"http:\/\/gradadigital.com\/home\/wp-content\/uploads\/2013\/08\/presentacion_tachira_07082013_3.jpg\"><img loading=\"lazy\" decoding=\"async\" class=\"alignnone size-full wp-image-3275\" alt=\"presentacion_tachira_07082013_3\" src=\"http:\/\/gradadigital.com\/home\/wp-content\/uploads\/2013\/08\/presentacion_tachira_07082013_3.jpg\" width=\"596\" height=\"346\" srcset=\"http:\/\/gradadigital.com\/home\/wp-content\/uploads\/2013\/08\/presentacion_tachira_07082013_3.jpg 596w, http:\/\/gradadigital.com\/home\/wp-content\/uploads\/2013\/08\/presentacion_tachira_07082013_3-300x174.jpg 300w\" sizes=\"auto, (max-width: 596px) 100vw, 596px\" \/><\/a><\/p>\n<p style=\"text-align: center;\"><a href=\"http:\/\/gradadigital.com\/home\/wp-content\/uploads\/2013\/08\/presentacion_tachira_07082013_2.jpg\"><img loading=\"lazy\" decoding=\"async\" class=\"alignnone size-full wp-image-3276\" alt=\"presentacion_tachira_07082013_2\" src=\"http:\/\/gradadigital.com\/home\/wp-content\/uploads\/2013\/08\/presentacion_tachira_07082013_2.jpg\" width=\"596\" height=\"346\" srcset=\"http:\/\/gradadigital.com\/home\/wp-content\/uploads\/2013\/08\/presentacion_tachira_07082013_2.jpg 596w, http:\/\/gradadigital.com\/home\/wp-content\/uploads\/2013\/08\/presentacion_tachira_07082013_2-300x174.jpg 300w\" sizes=\"auto, (max-width: 596px) 100vw, 596px\" \/><\/a><\/p>\n<p style=\"text-align: center;\"><a href=\"http:\/\/gradadigital.com\/home\/wp-content\/uploads\/2013\/08\/presentacion_tachira_07082013_1.jpg\"><img loading=\"lazy\" decoding=\"async\" class=\"alignnone size-full wp-image-3277\" alt=\"presentacion_tachira_07082013_1\" src=\"http:\/\/gradadigital.com\/home\/wp-content\/uploads\/2013\/08\/presentacion_tachira_07082013_1.jpg\" width=\"596\" height=\"346\" srcset=\"http:\/\/gradadigital.com\/home\/wp-content\/uploads\/2013\/08\/presentacion_tachira_07082013_1.jpg 596w, http:\/\/gradadigital.com\/home\/wp-content\/uploads\/2013\/08\/presentacion_tachira_07082013_1-300x174.jpg 300w\" sizes=\"auto, (max-width: 596px) 100vw, 596px\" \/><\/a><\/p>\n","protected":false},"excerpt":{"rendered":"<p>Joaqu\u00edn D\u00edas\/ Prensa Deportivo T\u00e1chira &#8211; Este mi\u00e9rcoles fue presentado el equipo insigne del estado T\u00e1chira, y sin\u00a0 duda el conjunto m\u00e1s representativo del f\u00fatbol nacional, en evento que tuvo como sede el Teatro de la Casa Sindical de San Crist\u00f3bal y sirvi\u00f3 como marco de antesala para la promisoria Temporada 2013-2014 del f\u00fatbol profesional &#8230;<\/p>\n","protected":false},"author":4,"featured_media":3272,"comment_status":"closed","ping_status":"closed","sticky":false,"template":"","format":"standard","meta":{"footnotes":""},"categories":[43,11,5,31],"tags":[],"class_list":["post-3271","post","type-post","status-publish","format-standard","has-post-thumbnail","hentry","category-fotos","category-deportivo-tachira","category-futbol-nacional","category-primera-division"],"_links":{"self":[{"href":"http:\/\/gradadigital.com\/home\/wp-json\/wp\/v2\/posts\/3271","targetHints":{"allow":["GET"]}}],"collection":[{"href":"http:\/\/gradadigital.com\/home\/wp-json\/wp\/v2\/posts"}],"about":[{"href":"http:\/\/gradadigital.com\/home\/wp-json\/wp\/v2\/types\/post"}],"author":[{"embeddable":true,"href":"http:\/\/gradadigital.com\/home\/wp-json\/wp\/v2\/users\/4"}],"replies":[{"embeddable":true,"href":"http:\/\/gradadigital.com\/home\/wp-json\/wp\/v2\/comments?post=3271"}],"version-history":[{"count":2,"href":"http:\/\/gradadigital.com\/home\/wp-json\/wp\/v2\/posts\/3271\/revisions"}],"predecessor-version":[{"id":3279,"href":"http:\/\/gradadigital.com\/home\/wp-json\/wp\/v2\/posts\/3271\/revisions\/3279"}],"wp:featuredmedia":[{"embeddable":true,"href":"http:\/\/gradadigital.com\/home\/wp-json\/wp\/v2\/media\/3272"}],"wp:attachment":[{"href":"http:\/\/gradadigital.com\/home\/wp-json\/wp\/v2\/media?parent=3271"}],"wp:term":[{"taxonomy":"category","embeddable":true,"href":"http:\/\/gradadigital.com\/home\/wp-json\/wp\/v2\/categories?post=3271"},{"taxonomy":"post_tag","embeddable":true,"href":"http:\/\/gradadigital.com\/home\/wp-json\/wp\/v2\/tags?post=3271"}],"curies":[{"name":"wp","href":"https:\/\/api.w.org\/{rel}","templated":true}]}}