{"id":32625,"date":"2016-10-11T15:32:10","date_gmt":"2016-10-11T20:02:10","guid":{"rendered":"http:\/\/gradadigital.com\/home\/?p=32625"},"modified":"2016-10-12T02:49:31","modified_gmt":"2016-10-12T07:19:31","slug":"previa-la-vinotinto-sub-17-femenina-buscara-otra-hazana-mundialista","status":"publish","type":"post","link":"http:\/\/gradadigital.com\/home\/previa-la-vinotinto-sub-17-femenina-buscara-otra-hazana-mundialista\/","title":{"rendered":"PREVIA | La Vinotinto femenina Sub-17 buscar\u00e1 otra haza\u00f1a mundialista"},"content":{"rendered":"<p style=\"text-align: center;\"><img decoding=\"async\" src=\"http:\/\/gradadigital.com\/home\/wp-content\/uploads\/2016\/10\/once_inicial_canada_venezuela_07102016.jpg\" \/><\/p>\n<p style=\"text-align: justify;\"><strong>Prensa Femenino FVF &#8211;<\/strong> La Vinotinto femenina Sub-17 buscar\u00e1 este martes, 12 de octubre, alcanzar una de las principales metas trazadas para la Copa Mundial de la FIFA: clasificar a la semifinal del certamen. Para ello, tendr\u00e1 que superar una alcabala muy complicada: M\u00e9xico, equipo que se consolid\u00f3 como l\u00edder del Grupo A.<\/p>\n<p style=\"text-align: justify;\">&#8216;Las Guerreras&#8217; llegan a este cotejo con dos victorias al hilo, frente a Camer\u00fan y Canad\u00e1; mientras que &#8216;El Tri&#8217; cosech\u00f3 siete unidades en la primera fase, tras derrotar a Jordania y Nueva Zelanda, y empatar con Espa\u00f1a. Ahora, se ver\u00e1n las caras las \u00fanicas dos selecciones de Am\u00e9rica que permanecen en la competencia.<\/p>\n<p style=\"text-align: justify;\"><strong>\u201cM\u00e9xico es un equipo muy balanceado. Son ordenadas y tienen jugadoras interesantes, sobre todo de mitad de cancha hacia adelante, que tenemos que neutralizar\u201d<\/strong>, apunt\u00f3 el timonel Kenneth Zseremeta.<\/p>\n<p style=\"text-align: justify;\">Desde antes de partir a Jordania, el combinado nacional ten\u00eda claros sus objetivos. Entre ellos, est\u00e1 emular lo conseguido en el Mundial de Costa Rica, en 2014, cuando disputaron la semifinal. Ante M\u00e9xico, estar\u00e1 en juego esa misi\u00f3n.<\/p>\n<p style=\"text-align: justify;\">Venezuela tendr\u00e1 tres bajas para el choque: Nikol Gonz\u00e1lez, por suspensi\u00f3n; Olimar Castillo, quien padece una lesi\u00f3n en su pierna izquierda, que le impedir\u00e1 formar parte de las elegibles por el cuerpo t\u00e9cnico criollo, y Mar\u00eda Gabriela Garc\u00eda, quien sufri\u00f3 un trauma en su rodilla derecha y no ha recibido el alta m\u00e9dica para participar en el campeonato.<\/p>\n<p style=\"text-align: justify;\">El estratega alab\u00f3 la polivalencia que han exhibido algunas de sus jugadoras, y considera que esa cualidad pudiera ser fundamental en los cuartos de final. <strong>\u201cAunque nos han golpeado las lesiones, hemos tenido un plantel muy flexible. Eso nos ha permitido hacer diferentes dibujos t\u00e1cticos en cada partido\u201d<\/strong>, concluy\u00f3.<\/p>\n<p style=\"text-align: justify;\"><strong>Instancia:<\/strong> Cuartos de Final.<br \/>\n<strong>Estadio:<\/strong> Internacional de Am\u00e1n.<br \/>\n<strong>Hora:<\/strong> 4:00 pm\u00a0(9:00 am\u00a0de Venezuela).<\/p>\n","protected":false},"excerpt":{"rendered":"<p>Prensa Femenino FVF &#8211; La Vinotinto femenina Sub-17 buscar\u00e1 este martes, 12 de octubre, alcanzar una de las principales metas trazadas para la Copa Mundial de la FIFA: clasificar a la semifinal del certamen. Para ello, tendr\u00e1 que superar una alcabala muy complicada: M\u00e9xico, equipo que se consolid\u00f3 como l\u00edder del Grupo A. &#8216;Las Guerreras&#8217; &#8230;<\/p>\n","protected":false},"author":8,"featured_media":32458,"comment_status":"closed","ping_status":"closed","sticky":false,"template":"","format":"standard","meta":{"footnotes":""},"categories":[752,41,26,3],"tags":[1952,1856,1936,1850,1956],"class_list":["post-32625","post","type-post","status-publish","format-standard","has-post-thumbnail","hentry","category-appgd","category-futbol-femenino","category-seleccion-femenina","category-seleccion-nacional","tag-copa-mundial-femenina-sub-17","tag-futbol-femenino","tag-jordania-2016","tag-seleccion-femenina","tag-u17wwc"],"_links":{"self":[{"href":"http:\/\/gradadigital.com\/home\/wp-json\/wp\/v2\/posts\/32625","targetHints":{"allow":["GET"]}}],"collection":[{"href":"http:\/\/gradadigital.com\/home\/wp-json\/wp\/v2\/posts"}],"about":[{"href":"http:\/\/gradadigital.com\/home\/wp-json\/wp\/v2\/types\/post"}],"author":[{"embeddable":true,"href":"http:\/\/gradadigital.com\/home\/wp-json\/wp\/v2\/users\/8"}],"replies":[{"embeddable":true,"href":"http:\/\/gradadigital.com\/home\/wp-json\/wp\/v2\/comments?post=32625"}],"version-history":[{"count":3,"href":"http:\/\/gradadigital.com\/home\/wp-json\/wp\/v2\/posts\/32625\/revisions"}],"predecessor-version":[{"id":32628,"href":"http:\/\/gradadigital.com\/home\/wp-json\/wp\/v2\/posts\/32625\/revisions\/32628"}],"wp:featuredmedia":[{"embeddable":true,"href":"http:\/\/gradadigital.com\/home\/wp-json\/wp\/v2\/media\/32458"}],"wp:attachment":[{"href":"http:\/\/gradadigital.com\/home\/wp-json\/wp\/v2\/media?parent=32625"}],"wp:term":[{"taxonomy":"category","embeddable":true,"href":"http:\/\/gradadigital.com\/home\/wp-json\/wp\/v2\/categories?post=32625"},{"taxonomy":"post_tag","embeddable":true,"href":"http:\/\/gradadigital.com\/home\/wp-json\/wp\/v2\/tags?post=32625"}],"curies":[{"name":"wp","href":"https:\/\/api.w.org\/{rel}","templated":true}]}}