{"id":32596,"date":"2016-10-10T11:13:50","date_gmt":"2016-10-10T15:43:50","guid":{"rendered":"http:\/\/gradadigital.com\/home\/?p=32596"},"modified":"2016-10-11T10:12:34","modified_gmt":"2016-10-11T14:42:34","slug":"conoce-como-vestira-la-sub-17-femenina-frente-a-mexico","status":"publish","type":"post","link":"http:\/\/gradadigital.com\/home\/conoce-como-vestira-la-sub-17-femenina-frente-a-mexico\/","title":{"rendered":"As\u00ed vestir\u00e1 la Sub-17 femenina frente a M\u00e9xico"},"content":{"rendered":"<p style=\"text-align: center;\"><img decoding=\"async\" src=\"http:\/\/gradadigital.com\/home\/wp-content\/uploads\/2016\/10\/vestuarios_venezuela_camerun_jordania_2016_03102016_1.jpg\" \/><\/p>\n<p style=\"text-align: justify;\"><strong>GradaDigital.com &#8211;<\/strong> De manera oficial se conoci\u00f3 que la Selecci\u00f3n Nacional femenina Sub-17 disputar\u00e1 su siguiente encuentro vestida de VINOTINTO. Venezuela enfrenta el pr\u00f3ximo mi\u00e9rcoles, 12 de octubre, a M\u00e9xico por los cuartos de final de la Copa Mundial Femenina Sub-17 de la FIFA Jordania 2016.<\/p>\n<p style=\"text-align: justify;\">Luego de utilizar en el partido pasado ante Canad\u00e1 el uniforme alternativo, el conjunto criollo volver\u00e1 a vestir su piel tradicional frente a las mexicanas, tal como lo hizo en las dos primeras jornadas del Grupo B ante Alemania y Camer\u00fan.<\/p>\n","protected":false},"excerpt":{"rendered":"<p>GradaDigital.com &#8211; De manera oficial se conoci\u00f3 que la Selecci\u00f3n Nacional femenina Sub-17 disputar\u00e1 su siguiente encuentro vestida de VINOTINTO. Venezuela enfrenta el pr\u00f3ximo mi\u00e9rcoles, 12 de octubre, a M\u00e9xico por los cuartos de final de la Copa Mundial Femenina Sub-17 de la FIFA Jordania 2016. Luego de utilizar en el partido pasado ante Canad\u00e1 &#8230;<\/p>\n","protected":false},"author":3,"featured_media":32368,"comment_status":"closed","ping_status":"closed","sticky":false,"template":"","format":"standard","meta":{"footnotes":""},"categories":[752,41,26,3],"tags":[1952,1856,1936,1850],"class_list":["post-32596","post","type-post","status-publish","format-standard","has-post-thumbnail","hentry","category-appgd","category-futbol-femenino","category-seleccion-femenina","category-seleccion-nacional","tag-copa-mundial-femenina-sub-17","tag-futbol-femenino","tag-jordania-2016","tag-seleccion-femenina"],"_links":{"self":[{"href":"http:\/\/gradadigital.com\/home\/wp-json\/wp\/v2\/posts\/32596","targetHints":{"allow":["GET"]}}],"collection":[{"href":"http:\/\/gradadigital.com\/home\/wp-json\/wp\/v2\/posts"}],"about":[{"href":"http:\/\/gradadigital.com\/home\/wp-json\/wp\/v2\/types\/post"}],"author":[{"embeddable":true,"href":"http:\/\/gradadigital.com\/home\/wp-json\/wp\/v2\/users\/3"}],"replies":[{"embeddable":true,"href":"http:\/\/gradadigital.com\/home\/wp-json\/wp\/v2\/comments?post=32596"}],"version-history":[{"count":3,"href":"http:\/\/gradadigital.com\/home\/wp-json\/wp\/v2\/posts\/32596\/revisions"}],"predecessor-version":[{"id":32621,"href":"http:\/\/gradadigital.com\/home\/wp-json\/wp\/v2\/posts\/32596\/revisions\/32621"}],"wp:featuredmedia":[{"embeddable":true,"href":"http:\/\/gradadigital.com\/home\/wp-json\/wp\/v2\/media\/32368"}],"wp:attachment":[{"href":"http:\/\/gradadigital.com\/home\/wp-json\/wp\/v2\/media?parent=32596"}],"wp:term":[{"taxonomy":"category","embeddable":true,"href":"http:\/\/gradadigital.com\/home\/wp-json\/wp\/v2\/categories?post=32596"},{"taxonomy":"post_tag","embeddable":true,"href":"http:\/\/gradadigital.com\/home\/wp-json\/wp\/v2\/tags?post=32596"}],"curies":[{"name":"wp","href":"https:\/\/api.w.org\/{rel}","templated":true}]}}