{"id":32352,"date":"2016-10-04T23:04:56","date_gmt":"2016-10-05T03:34:56","guid":{"rendered":"http:\/\/gradadigital.com\/home\/?p=32352"},"modified":"2016-10-05T10:12:53","modified_gmt":"2016-10-05T14:42:53","slug":"godin-coates-y-lodeiro-apuntan-a-la-titularidad-en-uruguay-ante-venezuela","status":"publish","type":"post","link":"http:\/\/gradadigital.com\/home\/godin-coates-y-lodeiro-apuntan-a-la-titularidad-en-uruguay-ante-venezuela\/","title":{"rendered":"God\u00edn, Coates y Lodeiro apuntan a la titularidad en Uruguay ante Venezuela"},"content":{"rendered":"<p style=\"text-align: center;\"><img loading=\"lazy\" decoding=\"async\" class=\"alignnone size-full wp-image-32358\" src=\"http:\/\/gradadigital.com\/home\/wp-content\/uploads\/2016\/10\/uruguay_04102016.jpg\" alt=\"uruguay_04102016\" width=\"682\" height=\"455\" srcset=\"http:\/\/gradadigital.com\/home\/wp-content\/uploads\/2016\/10\/uruguay_04102016.jpg 682w, http:\/\/gradadigital.com\/home\/wp-content\/uploads\/2016\/10\/uruguay_04102016-300x200.jpg 300w\" sizes=\"auto, (max-width: 682px) 100vw, 682px\" \/><\/p>\n<p style=\"text-align: justify;\"><strong>EFE\u00a0&#8211;<\/strong>\u00a0Los defensas Diego God\u00edn y Sebasti\u00e1n Coates y el centrocampista Nicol\u00e1s Lodeiro apuntan a la titularidad en la selecci\u00f3n de Uruguay para enfrentar a Venezuela el pr\u00f3ximo jueves en Montevideo en partido de la novena jornada de las Eliminatorias del Mundial de Rusia 2018.<\/p>\n<p style=\"text-align: justify;\">En el segundo d\u00eda de entrenamientos, el seleccionador \u00d3scar Washington Tab\u00e1rez cont\u00f3 con todo el plantel y God\u00edn, que sufri\u00f3 recientemente un esguince de ligamento en el tobillo izquierdo durante un partido del Atl\u00e9tico de Madrid, se ejercit\u00f3 con el grupo.<\/p>\n<p style=\"text-align: justify;\">Su pareja en la zaga ser\u00e1 previsiblemente el jugador del Sporting de Lisboa Sebasti\u00e1n Coates ante la lesi\u00f3n que sufre el central del Atl\u00e9tico de Madrid Jos\u00e9 Mar\u00eda Gim\u00e9nez, que no fue convocado por Tab\u00e1rez.<\/p>\n<p style=\"text-align: justify;\"><strong>\u00abNo se si voy a jugar, pero Diego (God\u00edn) est\u00e1 en un enorme nivel, es un referente para todos y al que le toque jugar al lado de \u00e9l la verdad que es un privilegio\u00bb<\/strong>, manifest\u00f3 Coates a la prensa al t\u00e9rmino del entrenamiento en el Complejo Uruguay Celeste, a las afueras de Montevideo.<\/p>\n<p style=\"text-align: justify;\">Admiti\u00f3 que puede estar viviendo su mejor momento de forma.<\/p>\n<p style=\"text-align: justify;\"><strong>\u00abPuede ser, estoy con ritmo, estoy jugando todos los partidos y eso para mi es importante, pero cuando uno llega a la selecci\u00f3n, no importa si est\u00e1s en buen ritmo, si me toca jugar voy a hacer lo mejor\u00bb<\/strong>, agreg\u00f3 Coates.<\/p>\n<p style=\"text-align: justify;\">En el centro del campo, Nicol\u00e1s Lodeiro, del Seattle Sounders estadounidense, parece ser el elegido por Tab\u00e1rez para ocupar el puesto del lesionado Gast\u00f3n Ram\u00edrez.<\/p>\n<p style=\"text-align: center;\"><img loading=\"lazy\" decoding=\"async\" class=\"alignnone size-full wp-image-32361\" src=\"http:\/\/gradadigital.com\/home\/wp-content\/uploads\/2016\/10\/coates_uruguay_04102016.jpg\" alt=\"coates_uruguay_04102016\" width=\"682\" height=\"455\" srcset=\"http:\/\/gradadigital.com\/home\/wp-content\/uploads\/2016\/10\/coates_uruguay_04102016.jpg 682w, http:\/\/gradadigital.com\/home\/wp-content\/uploads\/2016\/10\/coates_uruguay_04102016-300x200.jpg 300w\" sizes=\"auto, (max-width: 682px) 100vw, 682px\" \/><\/p>\n<p style=\"text-align: justify;\">Uruguay encabeza con 16 puntos la clasificaci\u00f3n de las eliminatorias sudamericanas mientras que Venezuela es colista con 2.<\/p>\n<p style=\"text-align: justify;\">Preguntado sobre si la Celeste es favorita en el partido del jueves, Coates respondi\u00f3 que pese a que Uruguay <strong>\u00abha demostrado ser muy fuerte como local no hay favoritos cada partido es diferente\u00bb<\/strong> y por lo tanto <strong>\u00abno hay favoritos\u00bb<\/strong>.<\/p>\n<p style=\"text-align: justify;\"><strong>\u00abTenemos que demostrar que de locales queremos seguir siendo fuertes, tratando de tener la pelota y estando bien parados en todo momento y ojal\u00e1 que se le pueda hacer da\u00f1o a Venezuela. Los rivales saben que somos muy fuertes y nosotros tenemos que demostrar eso\u00bb<\/strong>, expres\u00f3 el defensa uruguayo.<\/p>\n<p style=\"text-align: justify;\">El centrocampista uruguayo Carlos S\u00e1nchez dijo que el partido contra Venezuela <strong>\u00abno es una revancha\u00bb<\/strong> de la pasada Copa Am\u00e9rica, que perdieron por 1-0 en la fase de grupos.<\/p>\n<p style=\"text-align: justify;\"><strong>\u00abNo es una revancha. La Copa Am\u00e9rica ya pas\u00f3, estamos en una eliminatoria y de local, y queremos hacer el mismo trabajo que venimos haciendo y conseguir la victoria, que es lo m\u00e1s importante de todo\u00bb<\/strong>, manifest\u00f3 S\u00e1nchez.<\/p>\n<p style=\"text-align: justify;\"><strong>\u00abSabemos que Venezuela no viene haciendo la eliminatoria que esperaban pero s\u00ed que es un equipo fuerte que tiene grandes jugadores y no podemos confiar en la posici\u00f3n que viene\u00bb<\/strong>, agreg\u00f3.<\/p>\n<p style=\"text-align: justify;\">Tras recibir a Venezuela, la Celeste visitar\u00e1 a Colombia en la ciudad de Barranquilla el 11 de octubre por la d\u00e9cima jornada.<\/p>\n","protected":false},"excerpt":{"rendered":"<p>EFE\u00a0&#8211;\u00a0Los defensas Diego God\u00edn y Sebasti\u00e1n Coates y el centrocampista Nicol\u00e1s Lodeiro apuntan a la titularidad en la selecci\u00f3n de Uruguay para enfrentar a Venezuela el pr\u00f3ximo jueves en Montevideo en partido de la novena jornada de las Eliminatorias del Mundial de Rusia 2018. En el segundo d\u00eda de entrenamientos, el seleccionador \u00d3scar Washington Tab\u00e1rez &#8230;<\/p>\n","protected":false},"author":3,"featured_media":32358,"comment_status":"closed","ping_status":"closed","sticky":false,"template":"","format":"standard","meta":{"footnotes":""},"categories":[752,36,1878,40,3],"tags":[1925,1659,301,51,71],"class_list":["post-32352","post","type-post","status-publish","format-standard","has-post-thumbnail","hentry","category-appgd","category-internacional","category-rusia-2018","category-seleccion-nacional-mayores","category-seleccion-nacional","tag-eliminatoria","tag-eliminatorias","tag-uruguay","tag-venezuela","tag-vinotinto"],"_links":{"self":[{"href":"http:\/\/gradadigital.com\/home\/wp-json\/wp\/v2\/posts\/32352","targetHints":{"allow":["GET"]}}],"collection":[{"href":"http:\/\/gradadigital.com\/home\/wp-json\/wp\/v2\/posts"}],"about":[{"href":"http:\/\/gradadigital.com\/home\/wp-json\/wp\/v2\/types\/post"}],"author":[{"embeddable":true,"href":"http:\/\/gradadigital.com\/home\/wp-json\/wp\/v2\/users\/3"}],"replies":[{"embeddable":true,"href":"http:\/\/gradadigital.com\/home\/wp-json\/wp\/v2\/comments?post=32352"}],"version-history":[{"count":3,"href":"http:\/\/gradadigital.com\/home\/wp-json\/wp\/v2\/posts\/32352\/revisions"}],"predecessor-version":[{"id":32362,"href":"http:\/\/gradadigital.com\/home\/wp-json\/wp\/v2\/posts\/32352\/revisions\/32362"}],"wp:featuredmedia":[{"embeddable":true,"href":"http:\/\/gradadigital.com\/home\/wp-json\/wp\/v2\/media\/32358"}],"wp:attachment":[{"href":"http:\/\/gradadigital.com\/home\/wp-json\/wp\/v2\/media?parent=32352"}],"wp:term":[{"taxonomy":"category","embeddable":true,"href":"http:\/\/gradadigital.com\/home\/wp-json\/wp\/v2\/categories?post=32352"},{"taxonomy":"post_tag","embeddable":true,"href":"http:\/\/gradadigital.com\/home\/wp-json\/wp\/v2\/tags?post=32352"}],"curies":[{"name":"wp","href":"https:\/\/api.w.org\/{rel}","templated":true}]}}