{"id":32123,"date":"2016-10-02T17:22:55","date_gmt":"2016-10-02T21:52:55","guid":{"rendered":"http:\/\/gradadigital.com\/home\/?p=32123"},"modified":"2016-10-03T06:29:09","modified_gmt":"2016-10-03T10:59:09","slug":"la-increible-historia-de-la-vinotinto-maria-cazorla","status":"publish","type":"post","link":"http:\/\/gradadigital.com\/home\/la-increible-historia-de-la-vinotinto-maria-cazorla\/","title":{"rendered":"+FOTOS | La incre\u00edble historia de la Vinotinto: Mar\u00eda Cazorla"},"content":{"rendered":"<p style=\"text-align: center;\"><img loading=\"lazy\" decoding=\"async\" class=\"alignnone size-full wp-image-32126\" src=\"http:\/\/gradadigital.com\/home\/wp-content\/uploads\/2016\/10\/maria_cazorla_venezuela_sub17_02102016.jpg\" alt=\"maria_cazorla_venezuela_sub17_02102016\" width=\"682\" height=\"455\" srcset=\"http:\/\/gradadigital.com\/home\/wp-content\/uploads\/2016\/10\/maria_cazorla_venezuela_sub17_02102016.jpg 682w, http:\/\/gradadigital.com\/home\/wp-content\/uploads\/2016\/10\/maria_cazorla_venezuela_sub17_02102016-300x200.jpg 300w\" sizes=\"auto, (max-width: 682px) 100vw, 682px\" \/><\/p>\n<p style=\"text-align: justify;\"><strong>FIFA &#8211;<\/strong> Con apenas 9 a\u00f1os ya jugaba contra chicos mucho mayores que ella y no ten\u00eda reparos en mostrar todo su repertorio de regates. Y hoy contin\u00faa con la tradici\u00f3n. <strong>\u00abA veces les hago t\u00faneles\u2026 y se ponen bravos\u00bb<\/strong> dice entre risas Mar\u00eda Cazorla a <strong>FIFA.com<\/strong>. Ahora tiene 14, juega contra chicas mayores en su equipo, contra hombres hechos y derechos y contra sus amigos en las calles de su humilde barrio de Puerto Cabello, en el norte de Venezuela\u2026 Y en su primer partido oficial con la selecci\u00f3n\u00a0Sub-17 de Venezuela le marc\u00f3 un gol a Alemania.<\/p>\n<p style=\"text-align: center;\"><img loading=\"lazy\" decoding=\"async\" class=\"alignnone size-full wp-image-32125\" src=\"http:\/\/gradadigital.com\/home\/wp-content\/uploads\/2016\/10\/maria_cazorla_venezuela_sub17_2_02102016.jpg\" alt=\"maria_cazorla_venezuela_sub17_2_02102016\" width=\"682\" height=\"455\" srcset=\"http:\/\/gradadigital.com\/home\/wp-content\/uploads\/2016\/10\/maria_cazorla_venezuela_sub17_2_02102016.jpg 682w, http:\/\/gradadigital.com\/home\/wp-content\/uploads\/2016\/10\/maria_cazorla_venezuela_sub17_2_02102016-300x200.jpg 300w\" sizes=\"auto, (max-width: 682px) 100vw, 682px\" \/><\/p>\n<p style=\"text-align: justify;\">Por eso, a pesar de que el debut de las de Kenneth Zseremeta en la Copa Mundial Femenina Sub-17 de la FIFA Jordania 2016 se sald\u00f3 con derrota (1-2), no hace falta mucho esfuerzo para sacarle una sonrisa. Y m\u00e1s a\u00fan cuando repasa c\u00f3mo le ha cambiado la vida en el \u00faltimo a\u00f1o. Tras verla jugando con su club, la convocaron para la selecci\u00f3n Sub-15, pero enseguida su nombre lleg\u00f3 a o\u00eddos de Zseremeta. <strong>\u00abMe vio y me dijo &#8216;vamos a probar&#8217;. Entonces jugu\u00e9 contra la Sub-20 de nuestra selecci\u00f3n y ya me qued\u00e9 aqu\u00ed\u00bb<\/strong>.<\/p>\n<p style=\"text-align: center;\"><img loading=\"lazy\" decoding=\"async\" class=\"alignnone size-full wp-image-32124\" src=\"http:\/\/gradadigital.com\/home\/wp-content\/uploads\/2016\/10\/maria_cazorla_venezuela_sub17_3_02102016.jpg\" alt=\"maria_cazorla_venezuela_sub17_3_02102016\" width=\"682\" height=\"455\" srcset=\"http:\/\/gradadigital.com\/home\/wp-content\/uploads\/2016\/10\/maria_cazorla_venezuela_sub17_3_02102016.jpg 682w, http:\/\/gradadigital.com\/home\/wp-content\/uploads\/2016\/10\/maria_cazorla_venezuela_sub17_3_02102016-300x200.jpg 300w\" sizes=\"auto, (max-width: 682px) 100vw, 682px\" \/><\/p>\n<p style=\"text-align: justify;\">Menuda y algo t\u00edmida en la distancia corta, en la cancha su desparpajo le ha permitido hacerse un hueco como titular pese a su incorporaci\u00f3n tard\u00eda, porque Mar\u00eda juega con sus compa\u00f1eras de la Vinotinto Sub-17 desde hace apenas un mes. <strong>\u00abMe incorpor\u00e9 a finales de agosto. Me llevo bien con todas, me ense\u00f1an y me apoyan mucho, me dicen que me porte bien\u00bb<\/strong>. Y sonr\u00ede.<\/p>\n<p style=\"text-align: justify;\"><strong>Las calles de Puerto Cabello, una &#8216;cancha&#8217; perfecta<\/strong><br \/>\nAnte Alemania Mar\u00eda no logr\u00f3 mostrar todo su repertorio regateador, pero la habilidad con la que se deshizo de su par para marcar tiene mucho de ese f\u00fatbol callejero en el que se form\u00f3 y que sigue practicando en cuanto tiene ocasi\u00f3n. <strong>\u00abSoy la \u00fanica chica que juega por la calle, a las dem\u00e1s no les gusta\u00bb<\/strong>, reconoce. De hecho, al principio el f\u00fatbol la alej\u00f3 de algunas amigas. <strong>\u00abMe dec\u00edan que por qu\u00e9 jugaba con hombres, que el f\u00fatbol no era para mujeres, pero yo les respond\u00eda &#8216;a m\u00ed me gusta. Es mi juego'\u00bb<\/strong>.<\/p>\n<p style=\"text-align: justify;\">Y llegaron amigos nuevos. <strong>\u00abMike, Lorenzo, Eddie, Jos\u00e9\u2026 tengo un mont\u00f3n. Los regates los aprend\u00ed jugando con ellos. Son como mi familia\u00bb<\/strong>. Y su sonrisa se ensancha. Sabe que sus amigos vieron el partido, como tambi\u00e9n sus abuelos y su t\u00edo, que cuidan de ella tras la muerte de sus padres\u2026 y que hasta est\u00e1n empezando a aficionarse al f\u00fatbol, aunque <strong>\u00abno son futboleros\u00bb<\/strong>.<\/p>\n<p style=\"text-align: justify;\">Cuando est\u00e1 en casa, su vida transcurre entre el colegio de por la ma\u00f1ana y los entrenamientos y partidillos de la tarde, pero tiene clara su meta. <strong>\u00abCuando sea grande quiero irme a un equipo al extranjero para seguir con mi f\u00fatbol y ayudar a mis abuelos. Yo les dije que les iba a ayudar\u00bb<\/strong>.<\/p>\n<p style=\"text-align: justify;\">De momento, Mar\u00eda espera poder disfrutar junto a sus compa\u00f1eras de la Vinotinto de esta experiencia y llegar lejos en el torneo. Tras la derrota con Alemania, sabe que los tres puntos ante Camer\u00fan, el otro equipo a\u00fan sin puntos en el Grupo B, se han vuelto vitales, pero se muestra confiada. <strong>\u00abA Camer\u00fan no lo vemos tan fuerte y s\u00e9 que podemos ganar\u00bb<\/strong>. Frente a las africanas la peque\u00f1a Mar\u00eda volver\u00e1 a encarar una y otra vez. Amagando, tirando ca\u00f1os, intentando desesperar a las rivales. Es sencillo, s\u00f3lo tiene que imaginarse que est\u00e1 jugando en la calle con sus amigos.<\/p>\n","protected":false},"excerpt":{"rendered":"<p>FIFA &#8211; Con apenas 9 a\u00f1os ya jugaba contra chicos mucho mayores que ella y no ten\u00eda reparos en mostrar todo su repertorio de regates. Y hoy contin\u00faa con la tradici\u00f3n. \u00abA veces les hago t\u00faneles\u2026 y se ponen bravos\u00bb dice entre risas Mar\u00eda Cazorla a FIFA.com. Ahora tiene 14, juega contra chicas mayores en &#8230;<\/p>\n","protected":false},"author":8,"featured_media":32126,"comment_status":"closed","ping_status":"closed","sticky":false,"template":"","format":"standard","meta":{"footnotes":""},"categories":[43,752,41,26,3],"tags":[1856,1936,1850],"class_list":["post-32123","post","type-post","status-publish","format-standard","has-post-thumbnail","hentry","category-fotos","category-appgd","category-futbol-femenino","category-seleccion-femenina","category-seleccion-nacional","tag-futbol-femenino","tag-jordania-2016","tag-seleccion-femenina"],"_links":{"self":[{"href":"http:\/\/gradadigital.com\/home\/wp-json\/wp\/v2\/posts\/32123","targetHints":{"allow":["GET"]}}],"collection":[{"href":"http:\/\/gradadigital.com\/home\/wp-json\/wp\/v2\/posts"}],"about":[{"href":"http:\/\/gradadigital.com\/home\/wp-json\/wp\/v2\/types\/post"}],"author":[{"embeddable":true,"href":"http:\/\/gradadigital.com\/home\/wp-json\/wp\/v2\/users\/8"}],"replies":[{"embeddable":true,"href":"http:\/\/gradadigital.com\/home\/wp-json\/wp\/v2\/comments?post=32123"}],"version-history":[{"count":5,"href":"http:\/\/gradadigital.com\/home\/wp-json\/wp\/v2\/posts\/32123\/revisions"}],"predecessor-version":[{"id":32188,"href":"http:\/\/gradadigital.com\/home\/wp-json\/wp\/v2\/posts\/32123\/revisions\/32188"}],"wp:featuredmedia":[{"embeddable":true,"href":"http:\/\/gradadigital.com\/home\/wp-json\/wp\/v2\/media\/32126"}],"wp:attachment":[{"href":"http:\/\/gradadigital.com\/home\/wp-json\/wp\/v2\/media?parent=32123"}],"wp:term":[{"taxonomy":"category","embeddable":true,"href":"http:\/\/gradadigital.com\/home\/wp-json\/wp\/v2\/categories?post=32123"},{"taxonomy":"post_tag","embeddable":true,"href":"http:\/\/gradadigital.com\/home\/wp-json\/wp\/v2\/tags?post=32123"}],"curies":[{"name":"wp","href":"https:\/\/api.w.org\/{rel}","templated":true}]}}