{"id":3212,"date":"2013-08-05T14:21:21","date_gmt":"2013-08-05T18:51:21","guid":{"rendered":"http:\/\/gradadigital.com\/home\/?p=3212"},"modified":"2013-08-05T14:21:21","modified_gmt":"2013-08-05T18:51:21","slug":"miguel-acosta-todos-listos-para-abrir-camino-a-la-operacion-retorno","status":"publish","type":"post","link":"http:\/\/gradadigital.com\/home\/miguel-acosta-todos-listos-para-abrir-camino-a-la-operacion-retorno\/","title":{"rendered":"Miguel Acosta: \u00abTodos listos para abrir camino a la Operaci\u00f3n Retorno\u00bb"},"content":{"rendered":"<p style=\"text-align: center;\"><img loading=\"lazy\" decoding=\"async\" class=\"alignnone size-full wp-image-3213\" alt=\"miguel_acosta_entrenamiento_monagas_05082013\" src=\"http:\/\/gradadigital.com\/home\/wp-content\/uploads\/2013\/08\/miguel_acosta_entrenamiento_monagas_05082013.jpg\" width=\"596\" height=\"346\" srcset=\"http:\/\/gradadigital.com\/home\/wp-content\/uploads\/2013\/08\/miguel_acosta_entrenamiento_monagas_05082013.jpg 596w, http:\/\/gradadigital.com\/home\/wp-content\/uploads\/2013\/08\/miguel_acosta_entrenamiento_monagas_05082013-300x174.jpg 300w\" sizes=\"auto, (max-width: 596px) 100vw, 596px\" \/><\/p>\n<p style=\"text-align: justify;\"><strong>Anggilieth Roca \/ Prensa Monagas SC &#8211;\u00a0<\/strong>Este s\u00e1bado pasado en la cancha del Polideportivo El Gallo de San F\u00e9lix, el encuentro entre Estudiantes de Caron\u00ed y Monagas Sport club sell\u00f3 los compromisos amistosos de la pretemporada 2013-2014 de la escuadra azulgrana.<\/p>\n<p style=\"text-align: justify;\">El Monagas SC abri\u00f3\u00a0este amistoso con un esquema t\u00e1ctico similar a los partidos anteriores de esta pretemporada, quedando 1-0 a favor de Estudiante de Caron\u00ed; el profesor Miguel Acosta arranc\u00f3 con un once inicial conformado por\u00a0Daniel Vald\u00e9s, Jhon Cernicchiaro, Jackson Clavijo, Emilio Sampedro, Pedro Lugo, Manuel Padilla, Jhonny Ram\u00edrez, Sergio Golindano, Nicol\u00e1s Massia, Renzo Zambrano y Anderson Arias.<\/p>\n<p style=\"text-align: justify;\">\u00a0En este \u00faltimo amistoso se pudo visualizar un posible once titular para el cercano torneo, pero el estratega zuliano recalc\u00f3 que puede sentir la tranquilidad al ver que cuenta con una gama de jugadores que pueden cumplir los compromisos de manera titular; sin hacer dependencia de una alineaci\u00f3n especifica.<\/p>\n<p style=\"text-align: justify;\">La ansiedad porque inicie el torneo\u00a0\u00a8nos ha arropado a todos desde jugadores, cuerpo t\u00e9cnico y todo aquel que colabora por el desempe\u00f1o de esta Instituci\u00f3n, estas ansias han generado una excelente vibra en nuestro entorno ya estamos locos porque arranque la competici\u00f3n y as\u00ed saber que se nos viene\u00a8. Indic\u00f3 el DT Miguel Acosta.<\/p>\n<p style=\"text-align: justify;\">El estratega tambi\u00e9n\u00a0resalt\u00f3 que\u00a0\u00a8esta semana pudimos sumar una cantidad de ocho entrenos m\u00e1s, que nos permite una sumatoria alrededor de cincuenta entrenos durante esta pretemporada; aun con algunos detallitos y que pudimos visualizar en ese \u00faltimo amistoso, pero nada que no se pueda mejorar y trabajar durante las actividades diarias en los entrenos, estos partidos a Dios gracias nos sirvieron para ver el talento que ten\u00edamos en la plantilla, tambi\u00e9n tuvimos la oportunidad de analizar cada uno de los amistosos para poder ir buscando la perfecci\u00f3n de nuestro juego, el desenvolvimiento en lo grupal y obviamente en la individualidad de cada una de las piezas que integran este equipo\u00a8.<\/p>\n<p style=\"text-align: justify;\">Durante los amistosos pudimos observar algunos posibles escenarios oficiales para nuestras jornadas en el Torneo de Segunda Divisi\u00f3n, quiz\u00e1s unos mejores que otros; pero de igual manera nos sirvieron de abre boca para saber que nos deparar\u00e1 este torneo y que justamente el trabajo que haremos podemos ir mejor\u00e1ndolo y perfeccion\u00e1ndole\u00a0al transcurrir de las jornadas y que ninguna contrariedad detendr\u00e1 nuestro objetivo; que desde ya es amanecer de primeros en el torneo y que mejor manera que hacerlo en casa y con el gran respaldo de nuestra fiel afici\u00f3n y de los amantes de estos colores\u00a8\u00a0Se\u00f1al\u00f3.<\/p>\n<p style=\"text-align: justify;\">Ya con un balance m\u00e1s atenuante, se pudo observar durante estos amistosos de pretemporada, la mejora en\u00a0 cuanto al funcionamiento del equipo, la tenencia del bal\u00f3n y el trabajo con la pelota quieta la cual ha estado muy bien.<\/p>\n<p style=\"text-align: justify;\">Durante esos seis partidos amistosos se pudo generar muchas jugadas de gol algunas concretadas y otros no; pero de igual manera dejaron tarea al cuerpo t\u00e9cnico y jugadores para corregir y optimizarse.<\/p>\n<p style=\"text-align: justify;\">Acosta tambi\u00e9n reflejo que algunas de las condiciones a mejorar en el equipo en este momento son\u00a0\u00a8el tema de la contundencia, algunas situaciones especificas, generar rechazos largos, no generar rechazos cortos, intentar ganar las jugadas en juegos a\u00e9reos; son detalles simples pero que a veces marcan el desarrollo de un partido\u00a8.\u00a0Enfatiz\u00f3<\/p>\n<p style=\"text-align: justify;\">El zulianos destac\u00f3 sobre\u00a0\u00a8el d\u00eda y medio de descanso que tendremos, especialmente los jugadores para que puedan compartir estos d\u00edas con sus familiares antes de que arranque el torneo y as\u00ed ellos puedan tomar esto con la serenidad, inteligencia y objetividad que requiere este compromiso, construir un equipo no significa construir solo el once inicial, tambi\u00e9n es construir un equipo que pueda aportar esas herramientas de remate del partido para sostenerlo o traspasarlo aqu\u00ed en esta plantilla tenemos las piezas claves para cada trabajo y podemos contar que cada una de ellas aportar\u00e1 a la meta trazada. Y bueno por all\u00ed copio las palabras de una frase que nos identifica a todos los que nos involucramos en este proyecto y es que todo est\u00e1 listo para abrir camino a la \u00a8Operaci\u00f3n Retorno\u00a8.\u00a0Concluy\u00f3 el estratega.<\/p>\n<p style=\"text-align: justify;\">El DT dej\u00f3\u00a0abierta la posibilidad que durante esta semana y hasta la fecha que lo indique la FVF, puedan ir sum\u00e1ndose m\u00e1s jugadores para poder as\u00ed\u00a0cerrar la plantilla oficial de la escuadra para el cercano torneo, tambi\u00e9n destac\u00f3 sobre las actividades que est\u00e1n realizando los jugadores que trabajan diferenciados como es el caso de Gregory Lancken por una dolencia ocasionada en un partido amistoso, el lateral Carlos Castro quien recay\u00f3 en una leve lesi\u00f3n que arrastra desde el torneo pasado y la recuperaci\u00f3n del zaguero central Henry Alzolay quien en palabras del estratega se pueda incorporar pronto al trabajo grupal porque en indicaci\u00f3n m\u00e9dica su recuperaci\u00f3n es muy avanzada y notoria.<\/p>\n<p style=\"text-align: justify;\">La escuadra azulgrana retomar\u00e1\u00a0 las actividades de entreno el lunes a partir de las siete de la ma\u00f1ana en la cancha alterna del estadio Monumental de Matur\u00edn.<\/p>\n","protected":false},"excerpt":{"rendered":"<p>Anggilieth Roca \/ Prensa Monagas SC &#8211;\u00a0Este s\u00e1bado pasado en la cancha del Polideportivo El Gallo de San F\u00e9lix, el encuentro entre Estudiantes de Caron\u00ed y Monagas Sport club sell\u00f3 los compromisos amistosos de la pretemporada 2013-2014 de la escuadra azulgrana. El Monagas SC abri\u00f3\u00a0este amistoso con un esquema t\u00e1ctico similar a los partidos anteriores &#8230;<\/p>\n","protected":false},"author":4,"featured_media":3213,"comment_status":"closed","ping_status":"closed","sticky":false,"template":"","format":"standard","meta":{"footnotes":""},"categories":[5,16,30],"tags":[],"class_list":["post-3212","post","type-post","status-publish","format-standard","has-post-thumbnail","hentry","category-futbol-nacional","category-monagas-sc","category-segunda-divison"],"_links":{"self":[{"href":"http:\/\/gradadigital.com\/home\/wp-json\/wp\/v2\/posts\/3212","targetHints":{"allow":["GET"]}}],"collection":[{"href":"http:\/\/gradadigital.com\/home\/wp-json\/wp\/v2\/posts"}],"about":[{"href":"http:\/\/gradadigital.com\/home\/wp-json\/wp\/v2\/types\/post"}],"author":[{"embeddable":true,"href":"http:\/\/gradadigital.com\/home\/wp-json\/wp\/v2\/users\/4"}],"replies":[{"embeddable":true,"href":"http:\/\/gradadigital.com\/home\/wp-json\/wp\/v2\/comments?post=3212"}],"version-history":[{"count":1,"href":"http:\/\/gradadigital.com\/home\/wp-json\/wp\/v2\/posts\/3212\/revisions"}],"predecessor-version":[{"id":3214,"href":"http:\/\/gradadigital.com\/home\/wp-json\/wp\/v2\/posts\/3212\/revisions\/3214"}],"wp:featuredmedia":[{"embeddable":true,"href":"http:\/\/gradadigital.com\/home\/wp-json\/wp\/v2\/media\/3213"}],"wp:attachment":[{"href":"http:\/\/gradadigital.com\/home\/wp-json\/wp\/v2\/media?parent=3212"}],"wp:term":[{"taxonomy":"category","embeddable":true,"href":"http:\/\/gradadigital.com\/home\/wp-json\/wp\/v2\/categories?post=3212"},{"taxonomy":"post_tag","embeddable":true,"href":"http:\/\/gradadigital.com\/home\/wp-json\/wp\/v2\/tags?post=3212"}],"curies":[{"name":"wp","href":"https:\/\/api.w.org\/{rel}","templated":true}]}}