{"id":32031,"date":"2016-09-29T03:27:47","date_gmt":"2016-09-29T07:57:47","guid":{"rendered":"http:\/\/gradadigital.com\/home\/?p=32031"},"modified":"2016-09-29T03:46:04","modified_gmt":"2016-09-29T08:16:04","slug":"foto-que-cambio-asi-se-ve-el-cesped-del-estadio-olimpico-de-la-ucv","status":"publish","type":"post","link":"http:\/\/gradadigital.com\/home\/foto-que-cambio-asi-se-ve-el-cesped-del-estadio-olimpico-de-la-ucv\/","title":{"rendered":"FOTO | \u00a1Qu\u00e9 cambio! As\u00ed se ve el c\u00e9sped del estadio Ol\u00edmpico de la UCV"},"content":{"rendered":"<p style=\"text-align: center;\"><img loading=\"lazy\" decoding=\"async\" class=\"alignnone size-full wp-image-32032\" src=\"http:\/\/gradadigital.com\/home\/wp-content\/uploads\/2016\/09\/estadio_olimpico_ucv_000000.jpg\" alt=\"estadio_olimpico_ucv_000000\" width=\"682\" height=\"455\" srcset=\"http:\/\/gradadigital.com\/home\/wp-content\/uploads\/2016\/09\/estadio_olimpico_ucv_000000.jpg 682w, http:\/\/gradadigital.com\/home\/wp-content\/uploads\/2016\/09\/estadio_olimpico_ucv_000000-300x200.jpg 300w\" sizes=\"auto, (max-width: 682px) 100vw, 682px\" \/><\/p>\n<p style=\"text-align: justify;\"><strong>GradaDigital.com &#8211;<\/strong> La empresa &#8216;Jardiner\u00eda Jaga&#8217;, encargada de la recuperaci\u00f3n del engramado del estadio Ol\u00edmpico de la UCV, public\u00f3 una fotograf\u00eda en sus redes sociales en la que se observa el estado actual del terreno de juego del recinto deportivo.<\/p>\n<p style=\"text-align: justify;\">Los trabajos\u00a0sobre el c\u00e9sped comenzaron antes del inicio del Torneo Clausura gracias al esfuerzo que realizan en conjunto el Deportivo La Guaira, el Caracas FC y la Fundaci\u00f3n UCV; y se espera que para finales del mes de octubre culmine el\u00a0proceso de recuperaci\u00f3n.<\/p>\n","protected":false},"excerpt":{"rendered":"<p>GradaDigital.com &#8211; La empresa &#8216;Jardiner\u00eda Jaga&#8217;, encargada de la recuperaci\u00f3n del engramado del estadio Ol\u00edmpico de la UCV, public\u00f3 una fotograf\u00eda en sus redes sociales en la que se observa el estado actual del terreno de juego del recinto deportivo. Los trabajos\u00a0sobre el c\u00e9sped comenzaron antes del inicio del Torneo Clausura gracias al esfuerzo que &#8230;<\/p>\n","protected":false},"author":3,"featured_media":19540,"comment_status":"closed","ping_status":"closed","sticky":false,"template":"","format":"standard","meta":{"footnotes":""},"categories":[752,9,18,5,31],"tags":[1934,216,1772,1852,1935],"class_list":["post-32031","post","type-post","status-publish","format-standard","has-post-thumbnail","hentry","category-appgd","category-caracas-fc","category-real-esppor","category-futbol-nacional","category-primera-division","tag-fundacion-ucv","tag-futve","tag-olimpico-de-la-ucv","tag-primera-division","tag-ucv"],"_links":{"self":[{"href":"http:\/\/gradadigital.com\/home\/wp-json\/wp\/v2\/posts\/32031","targetHints":{"allow":["GET"]}}],"collection":[{"href":"http:\/\/gradadigital.com\/home\/wp-json\/wp\/v2\/posts"}],"about":[{"href":"http:\/\/gradadigital.com\/home\/wp-json\/wp\/v2\/types\/post"}],"author":[{"embeddable":true,"href":"http:\/\/gradadigital.com\/home\/wp-json\/wp\/v2\/users\/3"}],"replies":[{"embeddable":true,"href":"http:\/\/gradadigital.com\/home\/wp-json\/wp\/v2\/comments?post=32031"}],"version-history":[{"count":4,"href":"http:\/\/gradadigital.com\/home\/wp-json\/wp\/v2\/posts\/32031\/revisions"}],"predecessor-version":[{"id":32037,"href":"http:\/\/gradadigital.com\/home\/wp-json\/wp\/v2\/posts\/32031\/revisions\/32037"}],"wp:featuredmedia":[{"embeddable":true,"href":"http:\/\/gradadigital.com\/home\/wp-json\/wp\/v2\/media\/19540"}],"wp:attachment":[{"href":"http:\/\/gradadigital.com\/home\/wp-json\/wp\/v2\/media?parent=32031"}],"wp:term":[{"taxonomy":"category","embeddable":true,"href":"http:\/\/gradadigital.com\/home\/wp-json\/wp\/v2\/categories?post=32031"},{"taxonomy":"post_tag","embeddable":true,"href":"http:\/\/gradadigital.com\/home\/wp-json\/wp\/v2\/tags?post=32031"}],"curies":[{"name":"wp","href":"https:\/\/api.w.org\/{rel}","templated":true}]}}