{"id":32003,"date":"2016-09-28T16:27:54","date_gmt":"2016-09-28T20:57:54","guid":{"rendered":"http:\/\/gradadigital.com\/home\/?p=32003"},"modified":"2016-09-28T16:27:54","modified_gmt":"2016-09-28T20:57:54","slug":"convocatoria-uruguay-incluye-nuevos-jugadores-para-partido-ante-venezuela","status":"publish","type":"post","link":"http:\/\/gradadigital.com\/home\/convocatoria-uruguay-incluye-nuevos-jugadores-para-partido-ante-venezuela\/","title":{"rendered":"+CONVOCATORIA | Uruguay incluye nuevos jugadores para partido ante Venezuela"},"content":{"rendered":"<p style=\"text-align: center;\"><img decoding=\"async\" src=\"http:\/\/gradadigital.com\/home\/wp-content\/uploads\/2016\/09\/uruguay_paraguay_06092016.jpg\" \/><\/p>\n<p style=\"text-align: justify;\"><strong>EFE &#8211;<\/strong> El t\u00e9cnico de la selecci\u00f3n uruguaya, \u00d3scar Washington Tab\u00e1rez, anunci\u00f3 la inclusi\u00f3n del defensor Jorge Fucile y del arquero Gast\u00f3n Guruceaga a la lista de 23 convocados para la doble jornada de eliminatorias mundialistas que la Celeste disputar\u00e1 ante Venezuela y Colombia respectivamente.<\/p>\n<p style=\"text-align: justify;\">Fucile, que milita en el Nacional de Uruguay, sustituir\u00e1 al defensa del Atl\u00e9tico de Madrid Jos\u00e9 Mar\u00eda Gim\u00e9nez, <span style=\"color: #0000ff;\"><a style=\"color: #0000ff;\" href=\"http:\/\/gradadigital.com\/home\/importante-baja-en-la-defensa-de-uruguay-para-partido-ante-venezuela\/\">lesionado en el aductor de la pierna derecha en el partido contra el Deportivo de La Coru\u00f1a<\/a><\/span>, el pasado domingo, mientras que Guruceaga, jugador del Pe\u00f1arol, entrar\u00e1 en reemplazo de Mart\u00edn Silva.<\/p>\n<p style=\"text-align: justify;\">Uruguay se encuentra en la primera posici\u00f3n de estas eliminatorias mundialistas con 16 puntos y el pr\u00f3ximo 6 de octubre se medir\u00e1 ante Venezuela en Montevideo y posteriormente jugar\u00e1 con Colombia el 11 de ese mes, en Barranquilla.<\/p>\n<p style=\"text-align: justify;\"><strong>La lista de 23 jugadores es la siguiente:<\/strong><\/p>\n<p style=\"text-align: justify;\"><strong>Porteros:<\/strong> Fernando Muslera (Galatasaray-TUR), Gast\u00f3n Guruceaga (Pe\u00f1arol), Mart\u00edn Campa\u00f1a (Independiente-ARG).<\/p>\n<p style=\"text-align: justify;\"><strong>Defensas:<\/strong> Diego God\u00edn (Atl\u00e9tico Madrid-ESP), Sebasti\u00e1n Coates (Sporting-POR), Gast\u00f3n Silva (Granada-ESP), Federico Ricca (M\u00e1laga-ESP), \u00c1lvaro Pereira (Cerro Porte\u00f1o-PAR), Jorge Fucile (Nacional).<\/p>\n<p style=\"text-align: justify;\"><strong>Centrocampistas:<\/strong> Mat\u00edas Vecino (Fiorentina-ITA), Egidio Ar\u00e9valo R\u00edos (Chiapas-MEX), Cristian Rodr\u00edguez (Independiente-ARG), Math\u00edas Corujo (San Lorenzo-ARG), Diego Laxalt (G\u00e9nova-ITA), Carlos S\u00e1nchez (Monterrey-MEX), Nicol\u00e1s Lodeiro (Seattle Sounders-USA), Gast\u00f3n Ram\u00edrez (Middlesbrough-GBR), Giorgian De Arrascaeta (Cruzeiro-BRA).<\/p>\n<p style=\"text-align: justify;\"><strong>Delanteros:<\/strong> Luis Su\u00e1rez (Barcelona-ESP), Edinson Cavani (PSG-FRA), Diego Rolan (Bordeaux-FRA), Abel Hern\u00e1ndez (Hull City-GBR), Cristhian Stuani (Middlesbrough-GBR).<\/p>\n","protected":false},"excerpt":{"rendered":"<p>EFE &#8211; El t\u00e9cnico de la selecci\u00f3n uruguaya, \u00d3scar Washington Tab\u00e1rez, anunci\u00f3 la inclusi\u00f3n del defensor Jorge Fucile y del arquero Gast\u00f3n Guruceaga a la lista de 23 convocados para la doble jornada de eliminatorias mundialistas que la Celeste disputar\u00e1 ante Venezuela y Colombia respectivamente. Fucile, que milita en el Nacional de Uruguay, sustituir\u00e1 al &#8230;<\/p>\n","protected":false},"author":3,"featured_media":32004,"comment_status":"closed","ping_status":"closed","sticky":false,"template":"","format":"standard","meta":{"footnotes":""},"categories":[752,36,1878,40,3],"tags":[1925,1477,301,71],"class_list":["post-32003","post","type-post","status-publish","format-standard","has-post-thumbnail","hentry","category-appgd","category-internacional","category-rusia-2018","category-seleccion-nacional-mayores","category-seleccion-nacional","tag-eliminatoria","tag-internacional","tag-uruguay","tag-vinotinto"],"_links":{"self":[{"href":"http:\/\/gradadigital.com\/home\/wp-json\/wp\/v2\/posts\/32003","targetHints":{"allow":["GET"]}}],"collection":[{"href":"http:\/\/gradadigital.com\/home\/wp-json\/wp\/v2\/posts"}],"about":[{"href":"http:\/\/gradadigital.com\/home\/wp-json\/wp\/v2\/types\/post"}],"author":[{"embeddable":true,"href":"http:\/\/gradadigital.com\/home\/wp-json\/wp\/v2\/users\/3"}],"replies":[{"embeddable":true,"href":"http:\/\/gradadigital.com\/home\/wp-json\/wp\/v2\/comments?post=32003"}],"version-history":[{"count":1,"href":"http:\/\/gradadigital.com\/home\/wp-json\/wp\/v2\/posts\/32003\/revisions"}],"predecessor-version":[{"id":32005,"href":"http:\/\/gradadigital.com\/home\/wp-json\/wp\/v2\/posts\/32003\/revisions\/32005"}],"wp:featuredmedia":[{"embeddable":true,"href":"http:\/\/gradadigital.com\/home\/wp-json\/wp\/v2\/media\/32004"}],"wp:attachment":[{"href":"http:\/\/gradadigital.com\/home\/wp-json\/wp\/v2\/media?parent=32003"}],"wp:term":[{"taxonomy":"category","embeddable":true,"href":"http:\/\/gradadigital.com\/home\/wp-json\/wp\/v2\/categories?post=32003"},{"taxonomy":"post_tag","embeddable":true,"href":"http:\/\/gradadigital.com\/home\/wp-json\/wp\/v2\/tags?post=32003"}],"curies":[{"name":"wp","href":"https:\/\/api.w.org\/{rel}","templated":true}]}}