{"id":32001,"date":"2016-09-28T09:20:22","date_gmt":"2016-09-28T13:50:22","guid":{"rendered":"http:\/\/gradadigital.com\/home\/?p=32001"},"modified":"2016-09-28T18:53:36","modified_gmt":"2016-09-28T23:23:36","slug":"se-suman-nombres-a-la-lista-vinotinto-para-enfrentar-a-uruguay-y-brasil","status":"publish","type":"post","link":"http:\/\/gradadigital.com\/home\/se-suman-nombres-a-la-lista-vinotinto-para-enfrentar-a-uruguay-y-brasil\/","title":{"rendered":"Se suman nombres a la lista Vinotinto para enfrentar a Uruguay y Brasil"},"content":{"rendered":"<p style=\"text-align: center;\"><img decoding=\"async\" src=\"http:\/\/gradadigital.com\/home\/wp-content\/uploads\/2016\/09\/equipo_venezuela_argentina_merida_06092016.jpg\" \/><\/p>\n<p style=\"text-align: justify;\"><strong>GradaDigital.com &#8211;<\/strong> A\u00a0pocos d\u00edas para que inicie la doble fecha (Jornadas 9 y 10) de las Eliminatorias rumbo al Mundial de Rusia 2018, ya son varios los jugadores confirmados para representar a la Selecci\u00f3n de Venezuela la cual es dirigida por Rafael Dudamel.<\/p>\n<p style=\"text-align: justify;\">Por ahora, se conoce que la lista no variar\u00e1 tanto respecto a la anterior, siendo un cambio destacable la salida de Christian Santos (Deportivo Alav\u00e9s &#8211; ESP) por Alejandro Guerra (Atl\u00e9tico Nacional &#8211; COL), quien se perdi\u00f3 las jornadas anteriores por la recuperaci\u00f3n de una operaci\u00f3n, aunque esta variaci\u00f3n no ha sido oficializada por la Jefatura de Prensa de la FVF.<\/p>\n<p style=\"text-align: justify;\"><strong>Queda esperar, mientras, los siguientes nombres han sido confirmados por sus respectivos clubes:<\/strong><\/p>\n<p style=\"padding-left: 30px; text-align: justify;\">&#8211; Jhon Chancellor &#8211; Defensor (Deportivo La Guaira)<br \/>\n&#8211; Yangel Herrera &#8211; Mediocampista (Atl\u00e9tico Venezuela)<br \/>\n&#8211; Arles Flores &#8211; Mediocampista (Deportivo La Guaira)<br \/>\n&#8211; Arqu\u00edmedes Figuera &#8211; Mediocampista (Deportivo La Guaira)<br \/>\n&#8211; Tom\u00e1s Rinc\u00f3n &#8211; Mediocampista\u00a0(Genoa CFC &#8211; ITA)<br \/>\n&#8211; Alejandro Guerra &#8211; Mediocampista (Atl\u00e9tico Nacional &#8211; COL)<\/p>\n","protected":false},"excerpt":{"rendered":"<p>GradaDigital.com &#8211; A\u00a0pocos d\u00edas para que inicie la doble fecha (Jornadas 9 y 10) de las Eliminatorias rumbo al Mundial de Rusia 2018, ya son varios los jugadores confirmados para representar a la Selecci\u00f3n de Venezuela la cual es dirigida por Rafael Dudamel. Por ahora, se conoce que la lista no variar\u00e1 tanto respecto a &#8230;<\/p>\n","protected":false},"author":4,"featured_media":31178,"comment_status":"closed","ping_status":"closed","sticky":false,"template":"","format":"standard","meta":{"footnotes":""},"categories":[752,1878,40,3],"tags":[1925,71],"class_list":["post-32001","post","type-post","status-publish","format-standard","has-post-thumbnail","hentry","category-appgd","category-rusia-2018","category-seleccion-nacional-mayores","category-seleccion-nacional","tag-eliminatoria","tag-vinotinto"],"_links":{"self":[{"href":"http:\/\/gradadigital.com\/home\/wp-json\/wp\/v2\/posts\/32001","targetHints":{"allow":["GET"]}}],"collection":[{"href":"http:\/\/gradadigital.com\/home\/wp-json\/wp\/v2\/posts"}],"about":[{"href":"http:\/\/gradadigital.com\/home\/wp-json\/wp\/v2\/types\/post"}],"author":[{"embeddable":true,"href":"http:\/\/gradadigital.com\/home\/wp-json\/wp\/v2\/users\/4"}],"replies":[{"embeddable":true,"href":"http:\/\/gradadigital.com\/home\/wp-json\/wp\/v2\/comments?post=32001"}],"version-history":[{"count":4,"href":"http:\/\/gradadigital.com\/home\/wp-json\/wp\/v2\/posts\/32001\/revisions"}],"predecessor-version":[{"id":32008,"href":"http:\/\/gradadigital.com\/home\/wp-json\/wp\/v2\/posts\/32001\/revisions\/32008"}],"wp:featuredmedia":[{"embeddable":true,"href":"http:\/\/gradadigital.com\/home\/wp-json\/wp\/v2\/media\/31178"}],"wp:attachment":[{"href":"http:\/\/gradadigital.com\/home\/wp-json\/wp\/v2\/media?parent=32001"}],"wp:term":[{"taxonomy":"category","embeddable":true,"href":"http:\/\/gradadigital.com\/home\/wp-json\/wp\/v2\/categories?post=32001"},{"taxonomy":"post_tag","embeddable":true,"href":"http:\/\/gradadigital.com\/home\/wp-json\/wp\/v2\/tags?post=32001"}],"curies":[{"name":"wp","href":"https:\/\/api.w.org\/{rel}","templated":true}]}}