{"id":31946,"date":"2016-09-26T22:30:15","date_gmt":"2016-09-27T03:00:15","guid":{"rendered":"http:\/\/gradadigital.com\/home\/?p=31946"},"modified":"2016-09-26T22:37:44","modified_gmt":"2016-09-27T03:07:44","slug":"lucena-podemos-remontar-en-casa","status":"publish","type":"post","link":"http:\/\/gradadigital.com\/home\/lucena-podemos-remontar-en-casa\/","title":{"rendered":"Lucena: \u00abPodemos remontar en casa\u00bb"},"content":{"rendered":"<p style=\"text-align: center;\"><img loading=\"lazy\" decoding=\"async\" class=\"alignnone size-full wp-image-31947\" src=\"http:\/\/gradadigital.com\/home\/wp-content\/uploads\/2016\/09\/franklin_lucena_san_lorenzo_deportivo_laguaira_22092016.jpg\" alt=\"franklin_lucena_san_lorenzo_deportivo_laguaira_22092016\" width=\"682\" height=\"455\" srcset=\"http:\/\/gradadigital.com\/home\/wp-content\/uploads\/2016\/09\/franklin_lucena_san_lorenzo_deportivo_laguaira_22092016.jpg 682w, http:\/\/gradadigital.com\/home\/wp-content\/uploads\/2016\/09\/franklin_lucena_san_lorenzo_deportivo_laguaira_22092016-300x200.jpg 300w\" sizes=\"auto, (max-width: 682px) 100vw, 682px\" \/><\/p>\n<p style=\"text-align: justify;\"><strong>Francesco Leggieri\u00a0\/\u00a0Prensa Deportivo La Guaira\u00a0&#8211;<\/strong> Franklin Lucena aviv\u00f3 la llama de la clasificaci\u00f3n en el &#8216;Nuevo Gas\u00f3metro&#8217;. El defensor convirti\u00f3 el gol del descuento ante San Lorenzo, de una forma peculiar. Con dos cabezazos en el \u00e1rea, Lucena silenci\u00f3 por un instante el recinto de la Ciudad Aut\u00f3noma de Buenos Aires. El DLG encara de forma optimista el partido de vuelta de Copa Sudamericana.<\/p>\n<p style=\"text-align: justify;\"><strong>\u00abFue un gol que no se ve mucho en el f\u00fatbol, pero cuando vas convencido a este tipo de jugadas puedes conseguirlo. Sab\u00eda que en cualquier momento pod\u00eda agarrar una pelota en el \u00e1rea y afortunadamente pudimos conseguir el gol que nos mantiene vivos en la serie\u00bb<\/strong>, coment\u00f3 de entrada Franklin Lucena, quien conf\u00eda en poder darle la vuelta a la serie y as\u00ed alcanzar el hist\u00f3rico pase a los cuartos de final.<\/p>\n<p style=\"text-align: justify;\"><strong>\u00abPara nosotros es un resultado accesible y estamos conscientes de la exigencia que vamos a tener. El gol que marcamos nos da la tranquilidad, sabiendo que en casa somos bastantes contundentes y que le podemos hacer un mejor partido ante un equipo tan exigente como San Lorenzo. El balance es positivo. El equipo corri\u00f3, tuvo el orden que venimos trabajando m\u00e1s all\u00e1 de los dos goles que nos hicieron\u00bb<\/strong>, afirm\u00f3 el dorsal &#8217;13&#8217;\u00a0de La Guaira, el cual asegurar\u00eda que <strong>\u00abpodemos remontar en casa, con mucha concentraci\u00f3n, con mucha responsabilidad como lo venimos haciendo en este torneo tan importante. Quedan los 90 minutos para remontar y seguir haciendo historia para nuestro equipo y nuestro pa\u00eds\u00bb<\/strong>.<\/p>\n<p style=\"text-align: justify;\">La Guaira mostr\u00f3 gallard\u00eda en el &#8216;Nuevo Gas\u00f3metro&#8217;, plant\u00e1ndole cara a San Lorenzo. Los naranjas levantaron en su juego, al punto de complicarle el accionar al conjunto azulgrana. <strong>\u00abCuando recibimos los goles fue el momento donde mejor est\u00e1bamos jugando. A pesar de ir perdiendo, el equipo nunca baj\u00f3 los brazos y nunca pens\u00f3 en renunciar a un partido que iba a ser dif\u00edcil, pero tambi\u00e9n busc\u00e1bamos el gol. Marcando un gol la serie iba a estar completamente abierta\u00bb<\/strong>, se\u00f1al\u00f3 Lucena.<\/p>\n<p style=\"text-align: justify;\">Ahora el DLG se alista para encarar el compromiso de vuelta en el Metropolitano de Lara. Lucena y el resto de la plantilla conf\u00edan y creen en la remontada. <strong>\u00abTenemos un equipo muy maduro y de mucha experiencia. Estamos claros que nos estamos jugando algo muy importante. El partido de vuelta ser\u00e1 muy dif\u00edcil, de ida y vuelta. Ojal\u00e1 podamos darle vuelta a este resultado y podamos conseguir un gol para seguir celebrando y disfrutando de esta Copa\u00bb<\/strong>.<\/p>\n","protected":false},"excerpt":{"rendered":"<p>Francesco Leggieri\u00a0\/\u00a0Prensa Deportivo La Guaira\u00a0&#8211; Franklin Lucena aviv\u00f3 la llama de la clasificaci\u00f3n en el &#8216;Nuevo Gas\u00f3metro&#8217;. El defensor convirti\u00f3 el gol del descuento ante San Lorenzo, de una forma peculiar. Con dos cabezazos en el \u00e1rea, Lucena silenci\u00f3 por un instante el recinto de la Ciudad Aut\u00f3noma de Buenos Aires. El DLG encara de &#8230;<\/p>\n","protected":false},"author":3,"featured_media":31947,"comment_status":"closed","ping_status":"closed","sticky":false,"template":"","format":"standard","meta":{"footnotes":""},"categories":[752,38,18,36],"tags":[1855,1894,60,476],"class_list":["post-31946","post","type-post","status-publish","format-standard","has-post-thumbnail","hentry","category-appgd","category-copa-sudamericana","category-real-esppor","category-internacional","tag-copa-sudamericana","tag-copa-suramericana","tag-deportivo-la-guaira","tag-franklin-lucena"],"_links":{"self":[{"href":"http:\/\/gradadigital.com\/home\/wp-json\/wp\/v2\/posts\/31946","targetHints":{"allow":["GET"]}}],"collection":[{"href":"http:\/\/gradadigital.com\/home\/wp-json\/wp\/v2\/posts"}],"about":[{"href":"http:\/\/gradadigital.com\/home\/wp-json\/wp\/v2\/types\/post"}],"author":[{"embeddable":true,"href":"http:\/\/gradadigital.com\/home\/wp-json\/wp\/v2\/users\/3"}],"replies":[{"embeddable":true,"href":"http:\/\/gradadigital.com\/home\/wp-json\/wp\/v2\/comments?post=31946"}],"version-history":[{"count":3,"href":"http:\/\/gradadigital.com\/home\/wp-json\/wp\/v2\/posts\/31946\/revisions"}],"predecessor-version":[{"id":31950,"href":"http:\/\/gradadigital.com\/home\/wp-json\/wp\/v2\/posts\/31946\/revisions\/31950"}],"wp:featuredmedia":[{"embeddable":true,"href":"http:\/\/gradadigital.com\/home\/wp-json\/wp\/v2\/media\/31947"}],"wp:attachment":[{"href":"http:\/\/gradadigital.com\/home\/wp-json\/wp\/v2\/media?parent=31946"}],"wp:term":[{"taxonomy":"category","embeddable":true,"href":"http:\/\/gradadigital.com\/home\/wp-json\/wp\/v2\/categories?post=31946"},{"taxonomy":"post_tag","embeddable":true,"href":"http:\/\/gradadigital.com\/home\/wp-json\/wp\/v2\/tags?post=31946"}],"curies":[{"name":"wp","href":"https:\/\/api.w.org\/{rel}","templated":true}]}}