{"id":31838,"date":"2016-09-23T22:06:04","date_gmt":"2016-09-24T02:36:04","guid":{"rendered":"http:\/\/gradadigital.com\/home\/?p=31838"},"modified":"2016-09-24T03:57:25","modified_gmt":"2016-09-24T08:27:25","slug":"fotos-malaga-de-rosales-y-juanpi-cae-ante-el-betis","status":"publish","type":"post","link":"http:\/\/gradadigital.com\/home\/fotos-malaga-de-rosales-y-juanpi-cae-ante-el-betis\/","title":{"rendered":"+FOTOS | M\u00e1laga de Rosales, Villanueva y Juanpi cae ante el Betis"},"content":{"rendered":"<p style=\"text-align: center;\"><img decoding=\"async\" src=\"http:\/\/gradadigital.com\/home\/wp-content\/uploads\/2016\/09\/roberto_rosales_malaga_23092016_1.jpg\" \/><\/p>\n<p style=\"text-align: justify;\"><strong>Eduardo Contreras\u00a0&#8211;<\/strong>\u00a0El M\u00e1laga CF cay\u00f3 por la m\u00ednima diferencia (1-0) este viernes, 23 de septiembre, en condici\u00f3n de visitante ante el Real Betis Balompi\u00e9, en partido disputado en el estadio Benito Villamar\u00edn, correspondiente a la Jornada 6 de la Primera Divisi\u00f3n de Espa\u00f1a.<\/p>\n<p style=\"text-align: justify;\">Un gol con la cabeza a los 25 minutos del experimentado mediocampista espa\u00f1ol Joaqu\u00edn S\u00e1nchez, tras un perfecto centro realizado desde la banda derecha por el belga Charly Musonda, bast\u00f3 para que el conjunto dirigido por el uruguayo Gustavo Poyet se quedara con el triunfo, el primero de local.<\/p>\n<p style=\"text-align: justify;\">Con esta derrota, la tercera de la temporada, el equipo de los futbolistas venezolanos Roberto Rosales y Juan Pablo &#8216;Juanpi&#8217; A\u00f1or, quienes con buena actuaci\u00f3n disputaron la totalidad del encuentro, se mantiene en la parte baja de la tabla de clasificaci\u00f3n (16) con 5 unidades (una victoria y dos empates), a 8 puntos del l\u00edder Real Madrid, y podr\u00eda ubicarse en los puestos de descenso con el transcurrir de la sexta fecha.<\/p>\n<p style=\"text-align: justify;\">El pr\u00f3ximo domingo, 2 de octubre, el club\u00a0malague\u00f1o en el que tambi\u00e9n hace vida el defensor criollo\u00a0Mikel Villanueva, quien no fue convocado para este cotejo, buscar\u00e1 su segundo triunfo de la campa\u00f1a cuando visite al Athletic Club en San Mam\u00e9s.<\/p>\n<p style=\"text-align: center;\"><img decoding=\"async\" src=\"http:\/\/gradadigital.com\/home\/wp-content\/uploads\/2016\/09\/juan_pablo_juanpi_anor_malaga_23092016.jpg\" \/><\/p>\n<p style=\"text-align: center;\"><img decoding=\"async\" src=\"http:\/\/gradadigital.com\/home\/wp-content\/uploads\/2016\/09\/roberto_rosales_malaga_23092016.jpg\" \/><\/p>\n<p style=\"text-align: center;\"><img decoding=\"async\" src=\"http:\/\/gradadigital.com\/home\/wp-content\/uploads\/2016\/09\/juan_pablo_juanpi_anor_malaga_23092016_1.jpg\" \/><\/p>\n<p style=\"text-align: center;\"><img decoding=\"async\" src=\"http:\/\/gradadigital.com\/home\/wp-content\/uploads\/2016\/09\/roberto_rosales_malaga_23092016_3.jpg\" \/><\/p>\n","protected":false},"excerpt":{"rendered":"<p>Eduardo Contreras\u00a0&#8211;\u00a0El M\u00e1laga CF cay\u00f3 por la m\u00ednima diferencia (1-0) este viernes, 23 de septiembre, en condici\u00f3n de visitante ante el Real Betis Balompi\u00e9, en partido disputado en el estadio Benito Villamar\u00edn, correspondiente a la Jornada 6 de la Primera Divisi\u00f3n de Espa\u00f1a. Un gol con la cabeza a los 25 minutos del experimentado mediocampista &#8230;<\/p>\n","protected":false},"author":3,"featured_media":31842,"comment_status":"closed","ping_status":"closed","sticky":false,"template":"","format":"standard","meta":{"footnotes":""},"categories":[43,752,36,4],"tags":[923,924,1431,827,1526,77],"class_list":["post-31838","post","type-post","status-publish","format-standard","has-post-thumbnail","hentry","category-fotos","category-appgd","category-internacional","category-legionarios","tag-juan-pablo-anor","tag-juanpi","tag-legionarios","tag-malaga-cf","tag-mikel-villanueva","tag-roberto-rosales"],"_links":{"self":[{"href":"http:\/\/gradadigital.com\/home\/wp-json\/wp\/v2\/posts\/31838","targetHints":{"allow":["GET"]}}],"collection":[{"href":"http:\/\/gradadigital.com\/home\/wp-json\/wp\/v2\/posts"}],"about":[{"href":"http:\/\/gradadigital.com\/home\/wp-json\/wp\/v2\/types\/post"}],"author":[{"embeddable":true,"href":"http:\/\/gradadigital.com\/home\/wp-json\/wp\/v2\/users\/3"}],"replies":[{"embeddable":true,"href":"http:\/\/gradadigital.com\/home\/wp-json\/wp\/v2\/comments?post=31838"}],"version-history":[{"count":3,"href":"http:\/\/gradadigital.com\/home\/wp-json\/wp\/v2\/posts\/31838\/revisions"}],"predecessor-version":[{"id":31857,"href":"http:\/\/gradadigital.com\/home\/wp-json\/wp\/v2\/posts\/31838\/revisions\/31857"}],"wp:featuredmedia":[{"embeddable":true,"href":"http:\/\/gradadigital.com\/home\/wp-json\/wp\/v2\/media\/31842"}],"wp:attachment":[{"href":"http:\/\/gradadigital.com\/home\/wp-json\/wp\/v2\/media?parent=31838"}],"wp:term":[{"taxonomy":"category","embeddable":true,"href":"http:\/\/gradadigital.com\/home\/wp-json\/wp\/v2\/categories?post=31838"},{"taxonomy":"post_tag","embeddable":true,"href":"http:\/\/gradadigital.com\/home\/wp-json\/wp\/v2\/tags?post=31838"}],"curies":[{"name":"wp","href":"https:\/\/api.w.org\/{rel}","templated":true}]}}