{"id":31833,"date":"2016-09-23T10:58:56","date_gmt":"2016-09-23T15:28:56","guid":{"rendered":"http:\/\/gradadigital.com\/home\/?p=31833"},"modified":"2016-09-24T04:57:16","modified_gmt":"2016-09-24T09:27:16","slug":"dudamel-habla-tras-conflicto-en-uruguay","status":"publish","type":"post","link":"http:\/\/gradadigital.com\/home\/dudamel-habla-tras-conflicto-en-uruguay\/","title":{"rendered":"Dudamel habla tras conflicto en Uruguay"},"content":{"rendered":"<p style=\"text-align: center;\"><img loading=\"lazy\" decoding=\"async\" class=\"alignnone size-full wp-image-30926\" src=\"http:\/\/gradadigital.com\/home\/wp-content\/uploads\/2016\/09\/rafael_dudamel_colombia_venezuela_01092016.jpg\" alt=\"rafael_dudamel_colombia_venezuela_01092016\" width=\"682\" height=\"455\" srcset=\"http:\/\/gradadigital.com\/home\/wp-content\/uploads\/2016\/09\/rafael_dudamel_colombia_venezuela_01092016.jpg 682w, http:\/\/gradadigital.com\/home\/wp-content\/uploads\/2016\/09\/rafael_dudamel_colombia_venezuela_01092016-300x200.jpg 300w\" sizes=\"auto, (max-width: 682px) 100vw, 682px\" \/><\/p>\n<p style=\"text-align: justify;\"><strong>EFE &#8211;<\/strong> El seleccionador de f\u00fatbol de Venezuela, Rafael Dudamel, asegur\u00f3 este viernes, 23 de septiembre, que buscaba defenderse al excusarse sobre un lamentable incidente ocurrido la noche del jueves en Montevideo, Uruguay, en el que golpe\u00f3 en el ojo al colombiano Jairo Alberto Arciniegas, quien ayudaba con la log\u00edstica de la selecci\u00f3n.<\/p>\n<p style=\"text-align: justify;\"><strong>\u00abLamentablemente una persona que quiso sacar provecho de su apoyo a la selecci\u00f3n nacional en su \u00faltimo viaje a Barranquilla agredi\u00f3 al dirigente Jes\u00fas Berardinelli (director de finanzas de la FVF), a quien tom\u00f3 por sorpresa\u00bb<\/strong>, dijo Dudamel. <strong>\u00abCuando intent\u00f3 hacerlo conmigo tuve que defenderme\u00bb<\/strong>, agreg\u00f3, seg\u00fan un comunicado de la Federaci\u00f3n Venezolana de F\u00fatbol.<\/p>\n<p style=\"text-align: justify;\">La prensa uruguaya se\u00f1ala que Arciniegas se encontraba trabajando para la selecci\u00f3n venezolana de f\u00fatbol en Montevideo y que, en un momento de discusi\u00f3n con Dudamel, el colombiano perdi\u00f3 el control y quiso abofetearle a lo que el venezolano reaccion\u00f3 propin\u00e1ndole un golpe.<\/p>\n<p style=\"text-align: justify;\">Ante esto, el colombiano puso una denuncia en la polic\u00eda, seg\u00fan los medios uruguayos, aunque el comunicado de la FVF se\u00f1ala que tanto Dudamel como Berardinelli acudieron <strong>\u00aba las instancias correspondientes y solventaron la situaci\u00f3n sin mayor inconveniente\u00bb<\/strong>.<\/p>\n<p style=\"text-align: justify;\"><strong>\u00abLamento mucho que esta persona quiera manchar nuestro nombre y el de la selecci\u00f3n nacional con este tipo de incidentes\u00bb<\/strong>, agreg\u00f3 Dudamel.<\/p>\n<p style=\"text-align: justify;\">La FVF tambi\u00e9n informa que Dudamel regresar\u00e1 a Venezuela en las pr\u00f3ximas horas, luego de ultimar detalles para el partido en el que se enfrentar\u00e1 a Uruguay, el 6 de octubre, de las eliminatorias sudamericanas del mundial Rusia 2018.<\/p>\n<p style=\"text-align: justify;\">La selecci\u00f3n de f\u00fatbol venezolana tambi\u00e9n jugar\u00e1 contra Brasil en el estadio metropolitano de la ciudad de M\u00e9rida (oeste), el pr\u00f3ximo 11 de octubre.<\/p>\n","protected":false},"excerpt":{"rendered":"<p>EFE &#8211; El seleccionador de f\u00fatbol de Venezuela, Rafael Dudamel, asegur\u00f3 este viernes, 23 de septiembre, que buscaba defenderse al excusarse sobre un lamentable incidente ocurrido la noche del jueves en Montevideo, Uruguay, en el que golpe\u00f3 en el ojo al colombiano Jairo Alberto Arciniegas, quien ayudaba con la log\u00edstica de la selecci\u00f3n. \u00abLamentablemente una &#8230;<\/p>\n","protected":false},"author":4,"featured_media":30926,"comment_status":"closed","ping_status":"closed","sticky":false,"template":"","format":"standard","meta":{"footnotes":""},"categories":[752,1878,40,3],"tags":[151,1410,71],"class_list":["post-31833","post","type-post","status-publish","format-standard","has-post-thumbnail","hentry","category-appgd","category-rusia-2018","category-seleccion-nacional-mayores","category-seleccion-nacional","tag-la-vinotinto","tag-rafael-dudamel","tag-vinotinto"],"_links":{"self":[{"href":"http:\/\/gradadigital.com\/home\/wp-json\/wp\/v2\/posts\/31833","targetHints":{"allow":["GET"]}}],"collection":[{"href":"http:\/\/gradadigital.com\/home\/wp-json\/wp\/v2\/posts"}],"about":[{"href":"http:\/\/gradadigital.com\/home\/wp-json\/wp\/v2\/types\/post"}],"author":[{"embeddable":true,"href":"http:\/\/gradadigital.com\/home\/wp-json\/wp\/v2\/users\/4"}],"replies":[{"embeddable":true,"href":"http:\/\/gradadigital.com\/home\/wp-json\/wp\/v2\/comments?post=31833"}],"version-history":[{"count":5,"href":"http:\/\/gradadigital.com\/home\/wp-json\/wp\/v2\/posts\/31833\/revisions"}],"predecessor-version":[{"id":31864,"href":"http:\/\/gradadigital.com\/home\/wp-json\/wp\/v2\/posts\/31833\/revisions\/31864"}],"wp:featuredmedia":[{"embeddable":true,"href":"http:\/\/gradadigital.com\/home\/wp-json\/wp\/v2\/media\/30926"}],"wp:attachment":[{"href":"http:\/\/gradadigital.com\/home\/wp-json\/wp\/v2\/media?parent=31833"}],"wp:term":[{"taxonomy":"category","embeddable":true,"href":"http:\/\/gradadigital.com\/home\/wp-json\/wp\/v2\/categories?post=31833"},{"taxonomy":"post_tag","embeddable":true,"href":"http:\/\/gradadigital.com\/home\/wp-json\/wp\/v2\/tags?post=31833"}],"curies":[{"name":"wp","href":"https:\/\/api.w.org\/{rel}","templated":true}]}}