{"id":31704,"date":"2016-09-19T05:20:09","date_gmt":"2016-09-19T09:50:09","guid":{"rendered":"http:\/\/gradadigital.com\/home\/?p=31704"},"modified":"2016-09-19T05:20:09","modified_gmt":"2016-09-19T09:50:09","slug":"peru-y-venezuela-empatan-2-2-y-definiran-la-serie-de-copa-davis-este-lunes","status":"publish","type":"post","link":"http:\/\/gradadigital.com\/home\/peru-y-venezuela-empatan-2-2-y-definiran-la-serie-de-copa-davis-este-lunes\/","title":{"rendered":"Per\u00fa y Venezuela empatan 2-2 y definir\u00e1n la serie de Copa Davis este lunes"},"content":{"rendered":"<p style=\"text-align: center;\"><img loading=\"lazy\" decoding=\"async\" class=\"alignnone size-full wp-image-31705\" src=\"http:\/\/gradadigital.com\/home\/wp-content\/uploads\/2016\/09\/ricardo_rodriguez_tenis_180916.jpg\" alt=\"ricardo_rodriguez_tenis_180916\" width=\"682\" height=\"455\" srcset=\"http:\/\/gradadigital.com\/home\/wp-content\/uploads\/2016\/09\/ricardo_rodriguez_tenis_180916.jpg 682w, http:\/\/gradadigital.com\/home\/wp-content\/uploads\/2016\/09\/ricardo_rodriguez_tenis_180916-300x200.jpg 300w\" sizes=\"auto, (max-width: 682px) 100vw, 682px\" \/><\/p>\n<p style=\"text-align: justify;\"><strong>EFE &#8211;<\/strong> El partido entre el peruano Nicol\u00e1s Alvarez y el venezolano Luis David Mart\u00ednez, quien reemplaz\u00f3 a Jordi Mu\u00f1oz-Abreu, se suspendi\u00f3\u00a0este\u00a0domingo, 18 de septiembre, y se reanudar\u00e1 este lunes, cuando el local ganaba 2-1, debido a la falta de luz y cuando la serie va empatada 2-2 por el ascenso al Grupo I de la Zona Americana de la Copa Davis.<\/p>\n<p style=\"text-align: justify;\">El partido de individuales que disputaban \u00c1lvarez y Mart\u00ednez es el que decidir\u00e1 al ganador de la serie, dado que en el pen\u00faltimo encuentro el peruano Mauricio Echaz\u00fa perdi\u00f3 por 3-1 ante el venezolano Ricardo Rodr\u00edguez.<\/p>\n<p style=\"text-align: justify;\">El equipo venezolano pidi\u00f3 que el partido se postergara hasta ma\u00f1ana, dado que comenz\u00f3 a anochecer cuando empezaban el cuarto set y el juez accedi\u00f3 a retomarlo desde las 10:00 am hora local (15:00 GMT) en el Club Tennis &#8216;Las Terrazas&#8217; Miraflores.<\/p>\n<p style=\"text-align: justify;\"><span style=\"color: #0000ff;\"><a style=\"color: #0000ff;\" href=\"http:\/\/gradadigital.com\/home\/2016\/09\/18\/enoffside-fotos-venezuela-supero-a-peru-en-dobles-y-sigue-con-vida-en-copa-davis\/\">Los venezolanos Luis David Mart\u00ednez y Roberto Mayt\u00edn ganaron el partido de dobles el s\u00e1bado por 2-3 a la dupla peruana formada por Juan Pablo Varillas y Jorge Brian Panta<\/a><\/span>.<\/p>\n<p style=\"text-align: justify;\"><a href=\"http:\/\/gradadigital.com\/home\/2016\/09\/17\/peru-gano-primeros-dos-puntos-de-ronda-frente-a-venezuela\/\"><span style=\"color: #0000ff;\">Nicol\u00e1s Alvarez gan\u00f3 el viernes por 3-0 a Rodr\u00edguez, y Echaz\u00fa derrot\u00f3 a Mu\u00f1oz-Abreu por 3-1<\/span><\/a>.<\/p>\n","protected":false},"excerpt":{"rendered":"<p>EFE &#8211; El partido entre el peruano Nicol\u00e1s Alvarez y el venezolano Luis David Mart\u00ednez, quien reemplaz\u00f3 a Jordi Mu\u00f1oz-Abreu, se suspendi\u00f3\u00a0este\u00a0domingo, 18 de septiembre, y se reanudar\u00e1 este lunes, cuando el local ganaba 2-1, debido a la falta de luz y cuando la serie va empatada 2-2 por el ascenso al Grupo I de &#8230;<\/p>\n","protected":false},"author":3,"featured_media":31705,"comment_status":"closed","ping_status":"closed","sticky":false,"template":"","format":"standard","meta":{"footnotes":""},"categories":[752,1879],"tags":[1903,1901,1900,1902],"class_list":["post-31704","post","type-post","status-publish","format-standard","has-post-thumbnail","hentry","category-appgd","category-en-offside","tag-copa-davis","tag-fvt","tag-tenis","tag-tennis"],"_links":{"self":[{"href":"http:\/\/gradadigital.com\/home\/wp-json\/wp\/v2\/posts\/31704","targetHints":{"allow":["GET"]}}],"collection":[{"href":"http:\/\/gradadigital.com\/home\/wp-json\/wp\/v2\/posts"}],"about":[{"href":"http:\/\/gradadigital.com\/home\/wp-json\/wp\/v2\/types\/post"}],"author":[{"embeddable":true,"href":"http:\/\/gradadigital.com\/home\/wp-json\/wp\/v2\/users\/3"}],"replies":[{"embeddable":true,"href":"http:\/\/gradadigital.com\/home\/wp-json\/wp\/v2\/comments?post=31704"}],"version-history":[{"count":1,"href":"http:\/\/gradadigital.com\/home\/wp-json\/wp\/v2\/posts\/31704\/revisions"}],"predecessor-version":[{"id":31706,"href":"http:\/\/gradadigital.com\/home\/wp-json\/wp\/v2\/posts\/31704\/revisions\/31706"}],"wp:featuredmedia":[{"embeddable":true,"href":"http:\/\/gradadigital.com\/home\/wp-json\/wp\/v2\/media\/31705"}],"wp:attachment":[{"href":"http:\/\/gradadigital.com\/home\/wp-json\/wp\/v2\/media?parent=31704"}],"wp:term":[{"taxonomy":"category","embeddable":true,"href":"http:\/\/gradadigital.com\/home\/wp-json\/wp\/v2\/categories?post=31704"},{"taxonomy":"post_tag","embeddable":true,"href":"http:\/\/gradadigital.com\/home\/wp-json\/wp\/v2\/tags?post=31704"}],"curies":[{"name":"wp","href":"https:\/\/api.w.org\/{rel}","templated":true}]}}