{"id":31623,"date":"2016-09-17T02:14:21","date_gmt":"2016-09-17T06:44:21","guid":{"rendered":"http:\/\/gradadigital.com\/home\/?p=31623"},"modified":"2016-09-17T02:14:21","modified_gmt":"2016-09-17T06:44:21","slug":"peru-gano-primeros-dos-puntos-de-ronda-frente-a-venezuela","status":"publish","type":"post","link":"http:\/\/gradadigital.com\/home\/peru-gano-primeros-dos-puntos-de-ronda-frente-a-venezuela\/","title":{"rendered":"Per\u00fa gan\u00f3 primeros dos puntos de ronda frente a Venezuela"},"content":{"rendered":"<p style=\"text-align: center;\"><img loading=\"lazy\" decoding=\"async\" class=\"alignnone size-full wp-image-31624\" src=\"http:\/\/gradadigital.com\/home\/wp-content\/uploads\/2016\/09\/mauricio_echazu_peru_tenis_16092016.jpg\" alt=\"mauricio_echazu_peru_tenis_16092016\" width=\"682\" height=\"455\" srcset=\"http:\/\/gradadigital.com\/home\/wp-content\/uploads\/2016\/09\/mauricio_echazu_peru_tenis_16092016.jpg 682w, http:\/\/gradadigital.com\/home\/wp-content\/uploads\/2016\/09\/mauricio_echazu_peru_tenis_16092016-300x200.jpg 300w\" sizes=\"auto, (max-width: 682px) 100vw, 682px\" \/><\/p>\n<p style=\"text-align: justify;\"><strong>EFE\u00a0&#8211;<\/strong>\u00a0El tenista Nicol\u00e1s\u00a0Alvarez le dio este viernes, 16 de septiembre, el segundo punto a Per\u00fa, tras ganar por 6-4, 6-2 y 6-0 al venezolano Ricardo Rodr\u00edguez, en la eliminatoria que se disputa en Lima ante Venezuela para ascender al Grupo I de la Zona Americana de la Copa Davis.<\/p>\n<p style=\"text-align: justify;\">En el caso que Per\u00fa gane ma\u00f1ana el partido de dobles, que enfrentar\u00e1 a los peruanos Juan Pablo Varillas y Brian Panta con los venezolanos Luis Mart\u00ednez y Roberto Mayt\u00edn, asegurar\u00e1 su pase al Grupo I.<\/p>\n<p style=\"text-align: justify;\">En el primer partido de la jornada, el peruano Mauricio Echaz\u00fa venci\u00f3 al venezolano Jordi Mu\u00f1oz-Abreu por 6-3, 6-1, 2-6 y 6-2, y asegur\u00f3 que se sent\u00eda muy bien porque estaba jugando \u00abde la mejor manera\u00bb.<\/p>\n<p style=\"text-align: justify;\">Echaz\u00fa, la primera raqueta de Per\u00fa, confi\u00f3 en conseguir las victorias que le aseguren a su pa\u00eds la definici\u00f3n de la serie en Lima.<\/p>\n","protected":false},"excerpt":{"rendered":"<p>EFE\u00a0&#8211;\u00a0El tenista Nicol\u00e1s\u00a0Alvarez le dio este viernes, 16 de septiembre, el segundo punto a Per\u00fa, tras ganar por 6-4, 6-2 y 6-0 al venezolano Ricardo Rodr\u00edguez, en la eliminatoria que se disputa en Lima ante Venezuela para ascender al Grupo I de la Zona Americana de la Copa Davis. En el caso que Per\u00fa gane &#8230;<\/p>\n","protected":false},"author":3,"featured_media":31624,"comment_status":"closed","ping_status":"closed","sticky":false,"template":"","format":"standard","meta":{"footnotes":""},"categories":[752,1879],"tags":[1903,1901,1900,1902],"class_list":["post-31623","post","type-post","status-publish","format-standard","has-post-thumbnail","hentry","category-appgd","category-en-offside","tag-copa-davis","tag-fvt","tag-tenis","tag-tennis"],"_links":{"self":[{"href":"http:\/\/gradadigital.com\/home\/wp-json\/wp\/v2\/posts\/31623","targetHints":{"allow":["GET"]}}],"collection":[{"href":"http:\/\/gradadigital.com\/home\/wp-json\/wp\/v2\/posts"}],"about":[{"href":"http:\/\/gradadigital.com\/home\/wp-json\/wp\/v2\/types\/post"}],"author":[{"embeddable":true,"href":"http:\/\/gradadigital.com\/home\/wp-json\/wp\/v2\/users\/3"}],"replies":[{"embeddable":true,"href":"http:\/\/gradadigital.com\/home\/wp-json\/wp\/v2\/comments?post=31623"}],"version-history":[{"count":1,"href":"http:\/\/gradadigital.com\/home\/wp-json\/wp\/v2\/posts\/31623\/revisions"}],"predecessor-version":[{"id":31625,"href":"http:\/\/gradadigital.com\/home\/wp-json\/wp\/v2\/posts\/31623\/revisions\/31625"}],"wp:featuredmedia":[{"embeddable":true,"href":"http:\/\/gradadigital.com\/home\/wp-json\/wp\/v2\/media\/31624"}],"wp:attachment":[{"href":"http:\/\/gradadigital.com\/home\/wp-json\/wp\/v2\/media?parent=31623"}],"wp:term":[{"taxonomy":"category","embeddable":true,"href":"http:\/\/gradadigital.com\/home\/wp-json\/wp\/v2\/categories?post=31623"},{"taxonomy":"post_tag","embeddable":true,"href":"http:\/\/gradadigital.com\/home\/wp-json\/wp\/v2\/tags?post=31623"}],"curies":[{"name":"wp","href":"https:\/\/api.w.org\/{rel}","templated":true}]}}