{"id":3161,"date":"2013-08-01T20:30:45","date_gmt":"2013-08-02T01:00:45","guid":{"rendered":"http:\/\/gradadigital.com\/home\/?p=3161"},"modified":"2013-08-01T20:30:45","modified_gmt":"2013-08-02T01:00:45","slug":"magico-cariaco-y-otero-compartieron-con-los-ninos","status":"publish","type":"post","link":"http:\/\/gradadigital.com\/home\/magico-cariaco-y-otero-compartieron-con-los-ninos\/","title":{"rendered":"\u201cM\u00e1gico\u201d, \u201cCariaco\u201d y Otero compartieron con los ni\u00f1os"},"content":{"rendered":"<p style=\"text-align: center;\"><img loading=\"lazy\" decoding=\"async\" class=\"alignnone size-full wp-image-3162\" alt=\"romulo_otero_cariaco_gonzalez_cesar_gonzalez_caracas_01082013\" src=\"http:\/\/gradadigital.com\/home\/wp-content\/uploads\/2013\/08\/romulo_otero_cariaco_gonzalez_cesar_gonzalez_caracas_01082013.jpg\" width=\"596\" height=\"346\" srcset=\"http:\/\/gradadigital.com\/home\/wp-content\/uploads\/2013\/08\/romulo_otero_cariaco_gonzalez_cesar_gonzalez_caracas_01082013.jpg 596w, http:\/\/gradadigital.com\/home\/wp-content\/uploads\/2013\/08\/romulo_otero_cariaco_gonzalez_cesar_gonzalez_caracas_01082013-300x174.jpg 300w\" sizes=\"auto, (max-width: 596px) 100vw, 596px\" \/><\/p>\n<p style=\"text-align: justify;\"><span style=\"color: #000000;\"><b>Especial.-<\/b>\u00a0C\u00e9sar \u201cM\u00e1gico\u201d Gonz\u00e1lez, Luis \u201cCariaco\u201d Gonz\u00e1lez y R\u00f3mulo Otero visitaron a los j\u00f3venes talentos que hacen vida en el plan vacaciones \u201cEstrellas del F\u00fatbol Nacional\u201d (@estrellasfutbn), que se realiza en La Lagunita Sports Park de 02:00 a 06:00 PM y compartieron con los j\u00f3venes talentos del campamento que busca convertirse en una academia de renombre en el pa\u00eds.<\/span><\/p>\n<p style=\"text-align: justify;\"><span style=\"color: #000000;\">R\u00f3mulo Otero\u00a0\u00a0le dio un mensaje a los j\u00f3venes: \u201cEmpezamos aqu\u00ed como ustedes. Mientras iba creciendo ve\u00eda por televisi\u00f3n al f\u00fatbol profesional venezolano y me daba cuenta que pod\u00eda llegar all\u00ed y con bastante disciplina, estudiando y haciendo caso. Si se trazan metas pueden llegar a donde estamos nosotros\u201d.<\/span><\/p>\n<p style=\"text-align: justify;\"><span style=\"color: #000000;\">Luis \u201cCariaco\u201d Gonz\u00e1lez\u00a0\u00a0resalt\u00f3 la importancia del disfrute en el terreno de juego: \u201cEl f\u00fatbol lo disfrutamos. Es un trabajo pero nosotros nos divertimos en la cancha y ustedes son unos ni\u00f1os y creo que a medida que vaya pasando el tiempo van a ir aprendiendo. M\u00e1s all\u00e1 de la responsabilidad en la cancha hay que divertirse. La humildad y el trabajo de sacrificio es muy importante\u201d.<\/span><\/p>\n<p style=\"text-align: justify;\"><span style=\"color: #000000;\">C\u00e9sar \u201cM\u00e1gico\u201d Gonz\u00e1lez celebr\u00f3 su participaci\u00f3n en el evento: \u201cBastante contento por poder compartir con todos estos ni\u00f1os alegres. De verdad que estar ac\u00e1 y compartir te llena de alegr\u00eda y felicidad, deja una motivaci\u00f3n bastante grande\u201d.<\/span><\/p>\n<p style=\"text-align: justify;\"><span style=\"color: #000000;\">El campamento, en el que el reconocido F\u00e9lix Hern\u00e1ndez, ex jugador de la selecci\u00f3n nacional, es el entrenador autorizado, espera recibir a m\u00e1s jugadores estrellas del f\u00fatbol venezolano, quienes respaldan la iniciativa.\u00a0<\/span><\/p>\n","protected":false},"excerpt":{"rendered":"<p>Especial.-\u00a0C\u00e9sar \u201cM\u00e1gico\u201d Gonz\u00e1lez, Luis \u201cCariaco\u201d Gonz\u00e1lez y R\u00f3mulo Otero visitaron a los j\u00f3venes talentos que hacen vida en el plan vacaciones \u201cEstrellas del F\u00fatbol Nacional\u201d (@estrellasfutbn), que se realiza en La Lagunita Sports Park de 02:00 a 06:00 PM y compartieron con los j\u00f3venes talentos del campamento que busca convertirse en una academia de renombre &#8230;<\/p>\n","protected":false},"author":4,"featured_media":3162,"comment_status":"closed","ping_status":"closed","sticky":false,"template":"","format":"standard","meta":{"footnotes":""},"categories":[9,35],"tags":[],"class_list":["post-3161","post","type-post","status-publish","format-standard","has-post-thumbnail","hentry","category-caracas-fc","category-otras-categorias"],"_links":{"self":[{"href":"http:\/\/gradadigital.com\/home\/wp-json\/wp\/v2\/posts\/3161","targetHints":{"allow":["GET"]}}],"collection":[{"href":"http:\/\/gradadigital.com\/home\/wp-json\/wp\/v2\/posts"}],"about":[{"href":"http:\/\/gradadigital.com\/home\/wp-json\/wp\/v2\/types\/post"}],"author":[{"embeddable":true,"href":"http:\/\/gradadigital.com\/home\/wp-json\/wp\/v2\/users\/4"}],"replies":[{"embeddable":true,"href":"http:\/\/gradadigital.com\/home\/wp-json\/wp\/v2\/comments?post=3161"}],"version-history":[{"count":2,"href":"http:\/\/gradadigital.com\/home\/wp-json\/wp\/v2\/posts\/3161\/revisions"}],"predecessor-version":[{"id":3164,"href":"http:\/\/gradadigital.com\/home\/wp-json\/wp\/v2\/posts\/3161\/revisions\/3164"}],"wp:featuredmedia":[{"embeddable":true,"href":"http:\/\/gradadigital.com\/home\/wp-json\/wp\/v2\/media\/3162"}],"wp:attachment":[{"href":"http:\/\/gradadigital.com\/home\/wp-json\/wp\/v2\/media?parent=3161"}],"wp:term":[{"taxonomy":"category","embeddable":true,"href":"http:\/\/gradadigital.com\/home\/wp-json\/wp\/v2\/categories?post=3161"},{"taxonomy":"post_tag","embeddable":true,"href":"http:\/\/gradadigital.com\/home\/wp-json\/wp\/v2\/tags?post=3161"}],"curies":[{"name":"wp","href":"https:\/\/api.w.org\/{rel}","templated":true}]}}