{"id":31291,"date":"2016-09-08T15:05:11","date_gmt":"2016-09-08T19:35:11","guid":{"rendered":"http:\/\/gradadigital.com\/home\/?p=31291"},"modified":"2016-09-08T21:19:08","modified_gmt":"2016-09-09T01:49:08","slug":"asi-sera-la-logistica-para-el-derbi-de-la-arc-carabobo-aragua","status":"publish","type":"post","link":"http:\/\/gradadigital.com\/home\/asi-sera-la-logistica-para-el-derbi-de-la-arc-carabobo-aragua\/","title":{"rendered":"As\u00ed ser\u00e1 la log\u00edstica para el derbi de la ARC: Carabobo &#8211; Aragua"},"content":{"rendered":"<p style=\"text-align: center;\"><img loading=\"lazy\" decoding=\"async\" class=\"alignnone size-full wp-image-31292\" src=\"http:\/\/gradadigital.com\/home\/wp-content\/uploads\/2016\/09\/elio_quintal_rdp_carabobo_08092016.jpg\" alt=\"elio_quintal_rdp_carabobo_08092016\" width=\"682\" height=\"455\" srcset=\"http:\/\/gradadigital.com\/home\/wp-content\/uploads\/2016\/09\/elio_quintal_rdp_carabobo_08092016.jpg 682w, http:\/\/gradadigital.com\/home\/wp-content\/uploads\/2016\/09\/elio_quintal_rdp_carabobo_08092016-300x200.jpg 300w\" sizes=\"auto, (max-width: 682px) 100vw, 682px\" \/><\/p>\n<p style=\"text-align: justify;\"><strong>Prensa Carabobo FC,\u00a0Addrix Delgado &#8211;\u00a0<\/strong>La junta directiva del Carabobo F\u00fatbol Club, convoc\u00f3 en la ma\u00f1ana de este jueves, una rueda de prensa previo al compromiso frente al Aragua FC para hablar sobre novedades que estar\u00e1n rodeando el denominado Derbi de la Autopista que se escenificar\u00e1 este domingo 11 de septiembre en el Polideportivo Misael Delgado de Valencia.<\/p>\n<p style=\"text-align: justify;\">La conferencia de prensa inici\u00f3 con las palabras del gerente deportivo Elio Quintal, quien estuvo acompa\u00f1ado del director t\u00e9cnico Juan Domingo Tolisano; Leo Morales, capit\u00e1n y guardameta de la Vinotinto Regional y Rodney Robles, jefe de seguridad de la instituci\u00f3n carabobe\u00f1a.<\/p>\n<p style=\"text-align: justify;\">Quintal abri\u00f3 la rueda de prensa hablando sobre el \u00e1mbito de seguridad y log\u00edstica que se estar\u00e1n empleando para la contienda frente a los maracayeros, el cual es considerada de alto riesgo. <strong>\u201cSe han tomado, como siempre, las medidas de seguridad para que todo salga bien. La directiva del Aragua FC solicit\u00f3 la posibilidad de que se presente su afici\u00f3n en este compromiso y nosotros aceptamos esa solicitud, as\u00ed como han asistido anteriormente otras barras como las de Deportivo T\u00e1chira, Lara, Portuguesa, Caracas, Zamora y Mineros, quienes han podido presenciar los partidos de sus clubes cuando enfrentan al Carabobo FC en Valencia\u201d<\/strong>.<\/p>\n<p style=\"text-align: justify;\">La junta directiva de la instituci\u00f3n granate ya se ha encargado de organizar enfrentamientos de esta \u00edndole en busca de promover el espect\u00e1culo del f\u00fatbol, en los cuales se han desplegado un excelente dispositivo de seguridad, garantizando el bienestar e integridad de las familias que se acercan al \u201cGigante de la Bol\u00edvar\u201d a presenciar los enfrentamientos de los valencianos, as\u00ed como la de los aficionados carabobe\u00f1os y tambi\u00e9n de la afici\u00f3n visitante.<\/p>\n<p style=\"text-align: justify;\">Para el partido entre valencianos y maracayeros, se contar\u00e1 con alrededor de 350 efectivos de seguridad. <strong>\u201cTodo esto se basa en el apoyo que tenemos de dos factores importantes. El primero es el valioso apoyo que siempre hemos tenido de los organismos de seguridad como la Polic\u00eda del Estado Carabobo, la Polic\u00eda Nacional Bolivariana y la Guardia Nacional Bolivariana, quienes siempre han estado comprometidos con nosotros, puntuales y con la cantidad de efectivos necesarios\u201d<\/strong>, indic\u00f3 el gerente deportivo granate, a lo que enseguida a\u00f1adi\u00f3 que el otro factor ha sido la colaboraci\u00f3n de los Granadictos 24, pues<strong> \u201cha sido muy importante la madurez, tolerancia y respeto que hemos tenido por parte de ellos, quienes han facilitado mucho las cosas para que en el partido se tenga un buen comportamiento y una buena log\u00edstica. Sin el apoyo de los organismos de seguridad y de la barra, ser\u00eda dif\u00edcil poder contar con la presencia de aficiones visitantes\u201d<\/strong>.<\/p>\n<p style=\"text-align: justify;\">Los aficionados visitantes ser\u00e1n revisados en el Peaje de Guacara, luego tendr\u00e1n otro chequeo en Valencia para finalmente ingresar a la tribuna lateral izquierda, sector seleccionado para ubicar a las barras for\u00e1neas.<\/p>\n<p style=\"text-align: justify;\">Asimismo, en busca de prestar colaboraci\u00f3n para que los fan\u00e1ticos carabobe\u00f1os puedan asistir con mayor facilidad al Misael Delgado, el tren dirigencial granate se encarg\u00f3, a espera de una respuesta positiva, de hacer los tr\u00e1mites necesarios para poder contar con rutas TransCarabobo que puedan movilizar, tanto de ida, como de regreso, a los hinchas de la Vinotinto Regional desde diferentes sectores del estado. <strong>\u201cTodos sabemos los inconvenientes que hay en Valencia para el transporte, el partido es a las 7:30 de la noche y muchas veces la gente deja de venir por ese tema\u201d<\/strong>.<\/p>\n<p style=\"text-align: justify;\"><strong>\u201cEstamos pidiendo con mucho respeto, a trav\u00e9s de Fundadeporte, para que nos permitan habilitar unas rutas de TransCarabobo para este domingo y los dem\u00e1s partido, porque hay que hacer de esto una cultura, que la gente sepa que siempre va a contar con transporte. Ya hicimos la solicitud a Fundadeporte, quienes est\u00e1n siendo el enlace y ya solicitaron las rutas, as\u00ed que esperamos que en los pr\u00f3ximos d\u00edas se pueda anunciar formalmente este servicio\u201d<\/strong>, acot\u00f3.<\/p>\n<p style=\"text-align: justify;\">Finalmente, Quintal explic\u00f3 que debido a la limitaci\u00f3n de puestos en el estacionamiento del Misael, se logr\u00f3 habilitar el estacionamiento La Alegr\u00eda, el cual est\u00e1 ubicado a una cuadra del polideportivo. <strong>\u201cHemos conseguido acordar con el estacionamiento La Alegria, que le sirve a la Cl\u00ednica La Vi\u00f1a, para que est\u00e9 habilitado el domingo y las personas puedan estacionar sus veh\u00edculos ah\u00ed y no en la calle, que siempre es un riesgo\u201d<\/strong>, sentenci\u00f3.<\/p>\n<p style=\"text-align: justify;\">Los hinchas carabobe\u00f1os ya pueden comprar sus entradas en las taquillas del Forum de Valencia, en Cine Arte del Centro Comercial Patio Trigal y en la Librer\u00eda Tecni-Ciencia ubicada en el Centro Comercial Shopping Center, mientras que la afici\u00f3n arag\u00fce\u00f1a tendr\u00e1 la posibilidad de adquirir sus boletos en el Centro Comercial Hyper Jumbo de Maracay.<\/p>\n","protected":false},"excerpt":{"rendered":"<p>Prensa Carabobo FC,\u00a0Addrix Delgado &#8211;\u00a0La junta directiva del Carabobo F\u00fatbol Club, convoc\u00f3 en la ma\u00f1ana de este jueves, una rueda de prensa previo al compromiso frente al Aragua FC para hablar sobre novedades que estar\u00e1n rodeando el denominado Derbi de la Autopista que se escenificar\u00e1 este domingo 11 de septiembre en el Polideportivo Misael Delgado &#8230;<\/p>\n","protected":false},"author":4,"featured_media":31292,"comment_status":"closed","ping_status":"closed","sticky":false,"template":"","format":"standard","meta":{"footnotes":""},"categories":[752,6,29,5,31],"tags":[],"class_list":["post-31291","post","type-post","status-publish","format-standard","has-post-thumbnail","hentry","category-appgd","category-aragua-fc","category-carabobo-fc","category-futbol-nacional","category-primera-division"],"_links":{"self":[{"href":"http:\/\/gradadigital.com\/home\/wp-json\/wp\/v2\/posts\/31291","targetHints":{"allow":["GET"]}}],"collection":[{"href":"http:\/\/gradadigital.com\/home\/wp-json\/wp\/v2\/posts"}],"about":[{"href":"http:\/\/gradadigital.com\/home\/wp-json\/wp\/v2\/types\/post"}],"author":[{"embeddable":true,"href":"http:\/\/gradadigital.com\/home\/wp-json\/wp\/v2\/users\/4"}],"replies":[{"embeddable":true,"href":"http:\/\/gradadigital.com\/home\/wp-json\/wp\/v2\/comments?post=31291"}],"version-history":[{"count":3,"href":"http:\/\/gradadigital.com\/home\/wp-json\/wp\/v2\/posts\/31291\/revisions"}],"predecessor-version":[{"id":31313,"href":"http:\/\/gradadigital.com\/home\/wp-json\/wp\/v2\/posts\/31291\/revisions\/31313"}],"wp:featuredmedia":[{"embeddable":true,"href":"http:\/\/gradadigital.com\/home\/wp-json\/wp\/v2\/media\/31292"}],"wp:attachment":[{"href":"http:\/\/gradadigital.com\/home\/wp-json\/wp\/v2\/media?parent=31291"}],"wp:term":[{"taxonomy":"category","embeddable":true,"href":"http:\/\/gradadigital.com\/home\/wp-json\/wp\/v2\/categories?post=31291"},{"taxonomy":"post_tag","embeddable":true,"href":"http:\/\/gradadigital.com\/home\/wp-json\/wp\/v2\/tags?post=31291"}],"curies":[{"name":"wp","href":"https:\/\/api.w.org\/{rel}","templated":true}]}}