{"id":31056,"date":"2016-09-04T13:56:58","date_gmt":"2016-09-04T18:26:58","guid":{"rendered":"http:\/\/gradadigital.com\/home\/?p=31056"},"modified":"2016-09-04T13:56:58","modified_gmt":"2016-09-04T18:26:58","slug":"video-la-vinotinto-sigue-preparandose-en-merida","status":"publish","type":"post","link":"http:\/\/gradadigital.com\/home\/video-la-vinotinto-sigue-preparandose-en-merida\/","title":{"rendered":"VIDEO | La Vinotinto sigue prepar\u00e1ndose en M\u00e9rida"},"content":{"rendered":"<p style=\"text-align: center;\"><img loading=\"lazy\" decoding=\"async\" class=\"alignnone size-full wp-image-31057\" src=\"http:\/\/gradadigital.com\/home\/wp-content\/uploads\/2016\/09\/adalberto_penaranda_vinotinto_03092016.jpg\" alt=\"adalberto_penaranda_vinotinto_03092016\" width=\"682\" height=\"455\" srcset=\"http:\/\/gradadigital.com\/home\/wp-content\/uploads\/2016\/09\/adalberto_penaranda_vinotinto_03092016.jpg 682w, http:\/\/gradadigital.com\/home\/wp-content\/uploads\/2016\/09\/adalberto_penaranda_vinotinto_03092016-300x200.jpg 300w\" sizes=\"auto, (max-width: 682px) 100vw, 682px\" \/><\/p>\n<p style=\"text-align: justify;\"><strong>GradaDigital.com &#8211;<\/strong> La Selecci\u00f3n de Venezuela continu\u00f3 con sus sesiones de trabajo en territorio\u00a0meride\u00f1o la tarde de este s\u00e1bado, 3 de septiembre, al realizar por espacio de una hora y media su segundo entrenamiento de cara al encuentro del pr\u00f3ximo martes frente a la Argentina por la Jornada 8 de las Eliminatorias Sudamericanas rumbo al Mundial de Rusia 2018.<\/p>\n<p style=\"text-align: center;\"><video id=\"video\" controls=\"controls\" width=\"621\" height=\"361\"><source type=\"video\/mp4\" src=\"http:\/\/scontent-mia1-2.cdninstagram.com\/t50.2886-16\/14263074_1257808040918769_711259831_n.mp4\" \/><\/video><\/p>\n","protected":false},"excerpt":{"rendered":"<p>GradaDigital.com &#8211; La Selecci\u00f3n de Venezuela continu\u00f3 con sus sesiones de trabajo en territorio\u00a0meride\u00f1o la tarde de este s\u00e1bado, 3 de septiembre, al realizar por espacio de una hora y media su segundo entrenamiento de cara al encuentro del pr\u00f3ximo martes frente a la Argentina por la Jornada 8 de las Eliminatorias Sudamericanas rumbo al &#8230;<\/p>\n","protected":false},"author":3,"featured_media":31057,"comment_status":"closed","ping_status":"closed","sticky":false,"template":"","format":"standard","meta":{"footnotes":""},"categories":[27,752,1878,40,3],"tags":[],"class_list":["post-31056","post","type-post","status-publish","format-standard","has-post-thumbnail","hentry","category-video","category-appgd","category-rusia-2018","category-seleccion-nacional-mayores","category-seleccion-nacional"],"_links":{"self":[{"href":"http:\/\/gradadigital.com\/home\/wp-json\/wp\/v2\/posts\/31056","targetHints":{"allow":["GET"]}}],"collection":[{"href":"http:\/\/gradadigital.com\/home\/wp-json\/wp\/v2\/posts"}],"about":[{"href":"http:\/\/gradadigital.com\/home\/wp-json\/wp\/v2\/types\/post"}],"author":[{"embeddable":true,"href":"http:\/\/gradadigital.com\/home\/wp-json\/wp\/v2\/users\/3"}],"replies":[{"embeddable":true,"href":"http:\/\/gradadigital.com\/home\/wp-json\/wp\/v2\/comments?post=31056"}],"version-history":[{"count":2,"href":"http:\/\/gradadigital.com\/home\/wp-json\/wp\/v2\/posts\/31056\/revisions"}],"predecessor-version":[{"id":31304,"href":"http:\/\/gradadigital.com\/home\/wp-json\/wp\/v2\/posts\/31056\/revisions\/31304"}],"wp:featuredmedia":[{"embeddable":true,"href":"http:\/\/gradadigital.com\/home\/wp-json\/wp\/v2\/media\/31057"}],"wp:attachment":[{"href":"http:\/\/gradadigital.com\/home\/wp-json\/wp\/v2\/media?parent=31056"}],"wp:term":[{"taxonomy":"category","embeddable":true,"href":"http:\/\/gradadigital.com\/home\/wp-json\/wp\/v2\/categories?post=31056"},{"taxonomy":"post_tag","embeddable":true,"href":"http:\/\/gradadigital.com\/home\/wp-json\/wp\/v2\/tags?post=31056"}],"curies":[{"name":"wp","href":"https:\/\/api.w.org\/{rel}","templated":true}]}}