{"id":31016,"date":"2016-09-03T15:56:24","date_gmt":"2016-09-03T20:26:24","guid":{"rendered":"http:\/\/gradadigital.com\/home\/?p=31016"},"modified":"2016-09-03T15:56:24","modified_gmt":"2016-09-03T20:26:24","slug":"venezuela-debe-reconstruir-su-defensa-para-enfrentarse-a-argentina","status":"publish","type":"post","link":"http:\/\/gradadigital.com\/home\/venezuela-debe-reconstruir-su-defensa-para-enfrentarse-a-argentina\/","title":{"rendered":"Venezuela debe reconstruir su defensa para enfrentarse a Argentina"},"content":{"rendered":"<p style=\"text-align: center;\"><img decoding=\"async\" src=\"http:\/\/gradadigital.com\/home\/wp-content\/uploads\/2016\/09\/rolf_feltscher_colombia_venezuela_01092016_2.jpg\" \/><\/p>\n<p style=\"text-align: justify;\"><strong>EFE &#8211;<\/strong> La selecci\u00f3n de f\u00fatbol de Venezuela, que ya se encuentra en la andina ciudad de M\u00e9rida, en el occidente del pa\u00eds, deber\u00e1 reconstruir su defensa por las bajas sufridas ante Colombia para enfrentarse a Argentina el pr\u00f3ximo martes, en la octava jornada de las eliminatoria sudamericanas al Mundial 2018.<\/p>\n<p style=\"text-align: justify;\">El entrenador Rafael Dudamel arrib\u00f3 la madrugada del viernes con los 28 jugadores convocados, tras caer en Barranquilla por 2-0 ante Colombia, aunque tendr\u00e1 que suplir las ausencias de Arqu\u00edmedes Figuera, Wilker \u00c1ngel y Rolf Feltscher por suspensi\u00f3n.<\/p>\n<p style=\"text-align: justify;\">El t\u00e9cnico venezolano, adem\u00e1s de la derrota, sufri\u00f3 el jueves la p\u00e9rdida de tres jugadores importantes de su once tras las expulsiones de los defensas \u00c1ngel y Feltscher durante el choque ante los colombianos.<\/p>\n<p style=\"text-align: justify;\">El mediocampista Figuera vio una amarilla en ese encuentro que le dej\u00f3 fuera por acumulaci\u00f3n de tarjetas, mientras que el central Oswaldo Vizcarrondo sali\u00f3 lesionado.<\/p>\n<p style=\"text-align: justify;\">Para suplirlos, Dudamel podr\u00eda dar entrada a los centrales Jos\u00e9 Manuel Vel\u00e1zquez, que el jueves jug\u00f3 el segundo tiempo, y Jhon Chancellor, adem\u00e1s de Mikel Villanueva o Alexander Gonz\u00e1lez para cubrir el lateral izquierdo por Feltscher.<\/p>\n<p style=\"text-align: justify;\">La Vinotinto se enfrentar\u00e1 a la Albiceleste, que no contar\u00e1 con el capit\u00e1n Lionel Messi debido a \u00abuna inflamaci\u00f3n en el pubis\u00bb, seg\u00fan inform\u00f3 este viernes el seleccionador argentino, Edgardo Bauza.<\/p>\n<p style=\"text-align: justify;\">Venezuela transita las eliminatorias ubicada en la \u00faltima posici\u00f3n de la clasificaci\u00f3n, luego de sumar un punto de 21 posibles, y chocar\u00e1 ante el l\u00edder Argentina, que tiene 14 tras derrotar ayer a Uruguay por 1-0.<\/p>\n","protected":false},"excerpt":{"rendered":"<p>EFE &#8211; La selecci\u00f3n de f\u00fatbol de Venezuela, que ya se encuentra en la andina ciudad de M\u00e9rida, en el occidente del pa\u00eds, deber\u00e1 reconstruir su defensa por las bajas sufridas ante Colombia para enfrentarse a Argentina el pr\u00f3ximo martes, en la octava jornada de las eliminatoria sudamericanas al Mundial 2018. El entrenador Rafael Dudamel &#8230;<\/p>\n","protected":false},"author":3,"featured_media":30921,"comment_status":"closed","ping_status":"closed","sticky":false,"template":"","format":"standard","meta":{"footnotes":""},"categories":[752,1878,40,3],"tags":[],"class_list":["post-31016","post","type-post","status-publish","format-standard","has-post-thumbnail","hentry","category-appgd","category-rusia-2018","category-seleccion-nacional-mayores","category-seleccion-nacional"],"_links":{"self":[{"href":"http:\/\/gradadigital.com\/home\/wp-json\/wp\/v2\/posts\/31016","targetHints":{"allow":["GET"]}}],"collection":[{"href":"http:\/\/gradadigital.com\/home\/wp-json\/wp\/v2\/posts"}],"about":[{"href":"http:\/\/gradadigital.com\/home\/wp-json\/wp\/v2\/types\/post"}],"author":[{"embeddable":true,"href":"http:\/\/gradadigital.com\/home\/wp-json\/wp\/v2\/users\/3"}],"replies":[{"embeddable":true,"href":"http:\/\/gradadigital.com\/home\/wp-json\/wp\/v2\/comments?post=31016"}],"version-history":[{"count":1,"href":"http:\/\/gradadigital.com\/home\/wp-json\/wp\/v2\/posts\/31016\/revisions"}],"predecessor-version":[{"id":31017,"href":"http:\/\/gradadigital.com\/home\/wp-json\/wp\/v2\/posts\/31016\/revisions\/31017"}],"wp:featuredmedia":[{"embeddable":true,"href":"http:\/\/gradadigital.com\/home\/wp-json\/wp\/v2\/media\/30921"}],"wp:attachment":[{"href":"http:\/\/gradadigital.com\/home\/wp-json\/wp\/v2\/media?parent=31016"}],"wp:term":[{"taxonomy":"category","embeddable":true,"href":"http:\/\/gradadigital.com\/home\/wp-json\/wp\/v2\/categories?post=31016"},{"taxonomy":"post_tag","embeddable":true,"href":"http:\/\/gradadigital.com\/home\/wp-json\/wp\/v2\/tags?post=31016"}],"curies":[{"name":"wp","href":"https:\/\/api.w.org\/{rel}","templated":true}]}}