{"id":30734,"date":"2016-08-26T12:22:03","date_gmt":"2016-08-26T16:52:03","guid":{"rendered":"http:\/\/gradadigital.com\/home\/?p=30734"},"modified":"2016-08-26T12:22:03","modified_gmt":"2016-08-26T16:52:03","slug":"la-alegria-duro-poco-arouca-de-sema-velazquez-eliminado-de-la-europa-league","status":"publish","type":"post","link":"http:\/\/gradadigital.com\/home\/la-alegria-duro-poco-arouca-de-sema-velazquez-eliminado-de-la-europa-league\/","title":{"rendered":"\u00a1La alegr\u00eda dur\u00f3 poco! Arouca de &#8216;Sema&#8217; Vel\u00e1zquez eliminado de la Europa League"},"content":{"rendered":"<p style=\"text-align: center;\"><img loading=\"lazy\" decoding=\"async\" class=\"alignnone size-full wp-image-30735\" src=\"http:\/\/gradadigital.com\/home\/wp-content\/uploads\/2016\/08\/jose_manuel_sema_velazquez_arouca_olympiacos_europa_league_25082016.jpg\" alt=\"jose_manuel_sema_velazquez_arouca_olympiacos_europa_league_25082016\" width=\"682\" height=\"455\" srcset=\"http:\/\/gradadigital.com\/home\/wp-content\/uploads\/2016\/08\/jose_manuel_sema_velazquez_arouca_olympiacos_europa_league_25082016.jpg 682w, http:\/\/gradadigital.com\/home\/wp-content\/uploads\/2016\/08\/jose_manuel_sema_velazquez_arouca_olympiacos_europa_league_25082016-300x200.jpg 300w\" sizes=\"auto, (max-width: 682px) 100vw, 682px\" \/><\/p>\n<p style=\"text-align: justify;\"><strong>Eduardo Contreras\u00a0&#8211;<\/strong> El FC Arouca, equipo del defensor venezolano Jos\u00e9 Manuel &#8216;Sema&#8217; Vel\u00e1zquez, fue eliminado en la ronda de playoff de la UEFA Europa League 2016\/2017 tras perder (0-1) en el partido de ida y (2-1) este jueves, 25 de agosto, en la vuelta ante el Olympiacos FC de Grecia.<\/p>\n<p style=\"text-align: justify;\">El Arouca logr\u00f3, con un tanto del futbolista caboverdiano G\u00eag\u00ea en el minuto 80, llevar la eliminatoria hasta la pr\u00f3rroga. Sin embargo, un gol del reci\u00e9n ingresado al terreno de juego, el argentino Alejandro &#8216;Chori&#8217; Dom\u00ednguez, a los 95 minutos y otro del nigeriano Brown Ideye a los 114, le dieron el pase a la fase de grupos a los griegos.<\/p>\n<p style=\"text-align: justify;\">El jugador criollo de 25 a\u00f1os de edad recibi\u00f3 una tarjeta amarilla en el minuto 15 y jug\u00f3 la totalidad del encuentro. Este fue el \u00fanico partido de la competici\u00f3n continental en el que &#8216;Sema&#8217; Vel\u00e1zquez disput\u00f3 minutos, luego de no ser convocado o quedarse en el banco de suplentes en el choque de ida y en la fase previa (tercera ronda) ante el Heracles Almelo de Holanda.<\/p>\n<p style=\"text-align: justify;\">Ahora, el conjunto dirigido por Lito Vidigal, se enfocar\u00e1 en la Primeira Liga, en la que el pr\u00f3ximo domingo, 28 de agosto, visitar\u00e1 al Vit\u00f3ria Set\u00fabal por la Jornada 3.<\/p>\n","protected":false},"excerpt":{"rendered":"<p>Eduardo Contreras\u00a0&#8211; El FC Arouca, equipo del defensor venezolano Jos\u00e9 Manuel &#8216;Sema&#8217; Vel\u00e1zquez, fue eliminado en la ronda de playoff de la UEFA Europa League 2016\/2017 tras perder (0-1) en el partido de ida y (2-1) este jueves, 25 de agosto, en la vuelta ante el Olympiacos FC de Grecia. El Arouca logr\u00f3, con un &#8230;<\/p>\n","protected":false},"author":3,"featured_media":30735,"comment_status":"closed","ping_status":"closed","sticky":false,"template":"","format":"standard","meta":{"footnotes":""},"categories":[752,36,4],"tags":[],"class_list":["post-30734","post","type-post","status-publish","format-standard","has-post-thumbnail","hentry","category-appgd","category-internacional","category-legionarios"],"_links":{"self":[{"href":"http:\/\/gradadigital.com\/home\/wp-json\/wp\/v2\/posts\/30734","targetHints":{"allow":["GET"]}}],"collection":[{"href":"http:\/\/gradadigital.com\/home\/wp-json\/wp\/v2\/posts"}],"about":[{"href":"http:\/\/gradadigital.com\/home\/wp-json\/wp\/v2\/types\/post"}],"author":[{"embeddable":true,"href":"http:\/\/gradadigital.com\/home\/wp-json\/wp\/v2\/users\/3"}],"replies":[{"embeddable":true,"href":"http:\/\/gradadigital.com\/home\/wp-json\/wp\/v2\/comments?post=30734"}],"version-history":[{"count":1,"href":"http:\/\/gradadigital.com\/home\/wp-json\/wp\/v2\/posts\/30734\/revisions"}],"predecessor-version":[{"id":30736,"href":"http:\/\/gradadigital.com\/home\/wp-json\/wp\/v2\/posts\/30734\/revisions\/30736"}],"wp:featuredmedia":[{"embeddable":true,"href":"http:\/\/gradadigital.com\/home\/wp-json\/wp\/v2\/media\/30735"}],"wp:attachment":[{"href":"http:\/\/gradadigital.com\/home\/wp-json\/wp\/v2\/media?parent=30734"}],"wp:term":[{"taxonomy":"category","embeddable":true,"href":"http:\/\/gradadigital.com\/home\/wp-json\/wp\/v2\/categories?post=30734"},{"taxonomy":"post_tag","embeddable":true,"href":"http:\/\/gradadigital.com\/home\/wp-json\/wp\/v2\/tags?post=30734"}],"curies":[{"name":"wp","href":"https:\/\/api.w.org\/{rel}","templated":true}]}}