{"id":30676,"date":"2016-08-24T18:22:12","date_gmt":"2016-08-24T22:52:12","guid":{"rendered":"http:\/\/gradadigital.com\/home\/?p=30676"},"modified":"2016-08-25T02:00:35","modified_gmt":"2016-08-25T06:30:35","slug":"monagas-espera-sacar-ventaja-ante-anzoategui","status":"publish","type":"post","link":"http:\/\/gradadigital.com\/home\/monagas-espera-sacar-ventaja-ante-anzoategui\/","title":{"rendered":"Monagas espera sacar ventaja ante Anzo\u00e1tegui"},"content":{"rendered":"<p style=\"text-align: center;\"><img loading=\"lazy\" decoding=\"async\" class=\"alignnone size-full wp-image-30677\" src=\"http:\/\/gradadigital.com\/home\/wp-content\/uploads\/2016\/08\/once_monagas_caracas_monagas_14082016.jpg\" alt=\"once_monagas_caracas_monagas_14082016\" width=\"682\" height=\"455\" srcset=\"http:\/\/gradadigital.com\/home\/wp-content\/uploads\/2016\/08\/once_monagas_caracas_monagas_14082016.jpg 682w, http:\/\/gradadigital.com\/home\/wp-content\/uploads\/2016\/08\/once_monagas_caracas_monagas_14082016-300x200.jpg 300w\" sizes=\"auto, (max-width: 682px) 100vw, 682px\" \/><\/p>\n<p style=\"text-align: justify;\"><strong>Prensa Monagas SC &#8211;<\/strong> El conjunto de los Guerreros del Guarapiche retoma las acciones este jueves a partir de las 4:00 de la tarde en el estadio Monumental de Matur\u00edn, cuando choque ante el Deportivo Anzo\u00e1tegui por el partido de ida de los octavos de final de la Copa Venezuela.<\/p>\n<p style=\"text-align: justify;\">Los dirigidos por Jhonny Ferreira intentar\u00e1n buscar un resultado positivo en casa, pensando en el partido de vuelta que se celebrar\u00e1 el pr\u00f3ximo mi\u00e9rcoles 31 de agosto, en el estadio Jos\u00e9 Antonio Anzo\u00e1tegui de Puerto La Cruz.<\/p>\n<p style=\"text-align: justify;\">Para el lateral azulgrana, Ismael Romero, el partido ante los aurirojos ser\u00e1 una final m\u00e1s, destacando la importancia que tiene la Copa Venezuela. <strong>\u201cPrimeramente doy gracias a Dios porque el equipo se encuentra en esta instancia de octavos de final, el partido ante el Anzo\u00e1tegui lo tomamos con mucha seriedad porque queremos seguir avanzando en la Copa y nos hemos venido preparando para ganar grandes cosas\u201d<\/strong>, acot\u00f3 el lateral.<\/p>\n<p style=\"text-align: justify;\">En tal sentido, Romero resalt\u00f3 la confianza que el entrenador le ha tenido, adem\u00e1s de se\u00f1alar que el objetivo es sacar un buen resultado en casa. <strong>\u201cMuy contento por la confianza del profesor Ferreira, cada d\u00eda me sigo esforzando para crecer m\u00e1s, lo importante para este partido de ida es marcar y no encajar goles, para tener m\u00e1s posibilidad en el partido de vuelta y as\u00ed seguir avanzando en esta Copa, donde a\u00fan quedan equipos muy dif\u00edciles\u201d<\/strong>, finaliz\u00f3 el jugador.<\/p>\n<p style=\"text-align: justify;\">Cabe destacar que el cuadro azulgrana lleg\u00f3 a estas instancias luego de derrotar en los 16vos de final al cuadro de Diamantes de Guayana con global de (6-1). Por su parte, la oncena visitante viene de dejar fuera a Margarita FC con un resultado global de (4-0).<\/p>\n<p style=\"text-align: justify;\">Esta ser\u00eda la tercera eliminatoria copera entre ambos clubes orientales. En 2007 los azulgranas fueron eliminados en 4tos de final por gol de visitante con un global de 4 a 4. Sin embargo, los monaguenses tomaron revancha dos a\u00f1os m\u00e1s tarde en 2009, luego de ganar en Puerto la Cruz (2-1) e igualar en Matur\u00edn\u00a0a un gol, para as\u00ed ganar la serie 3 por 2.<\/p>\n<p style=\"text-align: justify;\">Posteriormente los Guerreros del Guarapiche cayeron en semifinales ante el Caracas FC, culminando as\u00ed su mejor participaci\u00f3n en copa hasta la fecha. De esta manera queda en evidencia la paridad que tienen ambos conjuntos en la competici\u00f3n.<\/p>\n<p style=\"text-align: justify;\"><strong>Campos en la lista<br \/>\n<\/strong>Para recibir al Anzo\u00e1tegui, la principal novedad en la convocatoria del estratega Jhonny Ferreira es el llamado del juvenil Diego Campos, quien tras concretar grandes actuaciones con la causa azulgrana se ha ganado la confianza del cuerpo t\u00e9cnico.<\/p>\n<p style=\"text-align: justify;\">El joven delantero se mantiene optimista de cara a su futuro vistiendo la camiseta del primer equipo, d\u00e1ndolo todo en los entrenamientos y trabajando arduamente para ocupar un puesto dentro de la oncena monaguense.<\/p>\n<p style=\"text-align: justify;\"><strong><span style=\"text-decoration: underline;\">Convocados<\/span>:<br \/>\n<\/strong><strong style=\"line-height: 1.5;\">Porteros:\u00a0<\/strong><span style=\"line-height: 1.5;\">Pedro Caraballo y \u00c1ngel Hern\u00e1ndez.<\/span><\/p>\n<p style=\"text-align: justify;\"><strong>Defensas:\u00a0<\/strong>Lucas Trejo, Daniel Mustaf\u00e1, Alejandro Gonz\u00e1lez, Ismael Romero*, Edwar Bracho y Manuel Cu\u00e1rez.<\/p>\n<p style=\"text-align: justify;\"><strong>Mediocampistas: <\/strong>Arnold L\u00f3pez, Vicente Rodr\u00edguez, Carlos Alem\u00e1n, Juan Carlos Mora, Jes\u00fas Quintero, Luis Gonz\u00e1lez y Angelxon Marcano*.<\/p>\n<p style=\"text-align: justify;\"><strong>Delanteros: <\/strong>Diego Campos*, Emilio Renter\u00eda y Armando Maita \u00a9.<\/p>\n","protected":false},"excerpt":{"rendered":"<p>Prensa Monagas SC &#8211; El conjunto de los Guerreros del Guarapiche retoma las acciones este jueves a partir de las 4:00 de la tarde en el estadio Monumental de Matur\u00edn, cuando choque ante el Deportivo Anzo\u00e1tegui por el partido de ida de los octavos de final de la Copa Venezuela. Los dirigidos por Jhonny Ferreira &#8230;<\/p>\n","protected":false},"author":4,"featured_media":30677,"comment_status":"closed","ping_status":"closed","sticky":false,"template":"","format":"standard","meta":{"footnotes":""},"categories":[752,34,5,16],"tags":[],"class_list":["post-30676","post","type-post","status-publish","format-standard","has-post-thumbnail","hentry","category-appgd","category-copa-venezuela","category-futbol-nacional","category-monagas-sc"],"_links":{"self":[{"href":"http:\/\/gradadigital.com\/home\/wp-json\/wp\/v2\/posts\/30676","targetHints":{"allow":["GET"]}}],"collection":[{"href":"http:\/\/gradadigital.com\/home\/wp-json\/wp\/v2\/posts"}],"about":[{"href":"http:\/\/gradadigital.com\/home\/wp-json\/wp\/v2\/types\/post"}],"author":[{"embeddable":true,"href":"http:\/\/gradadigital.com\/home\/wp-json\/wp\/v2\/users\/4"}],"replies":[{"embeddable":true,"href":"http:\/\/gradadigital.com\/home\/wp-json\/wp\/v2\/comments?post=30676"}],"version-history":[{"count":3,"href":"http:\/\/gradadigital.com\/home\/wp-json\/wp\/v2\/posts\/30676\/revisions"}],"predecessor-version":[{"id":30695,"href":"http:\/\/gradadigital.com\/home\/wp-json\/wp\/v2\/posts\/30676\/revisions\/30695"}],"wp:featuredmedia":[{"embeddable":true,"href":"http:\/\/gradadigital.com\/home\/wp-json\/wp\/v2\/media\/30677"}],"wp:attachment":[{"href":"http:\/\/gradadigital.com\/home\/wp-json\/wp\/v2\/media?parent=30676"}],"wp:term":[{"taxonomy":"category","embeddable":true,"href":"http:\/\/gradadigital.com\/home\/wp-json\/wp\/v2\/categories?post=30676"},{"taxonomy":"post_tag","embeddable":true,"href":"http:\/\/gradadigital.com\/home\/wp-json\/wp\/v2\/tags?post=30676"}],"curies":[{"name":"wp","href":"https:\/\/api.w.org\/{rel}","templated":true}]}}