{"id":30592,"date":"2016-08-22T14:01:26","date_gmt":"2016-08-22T18:31:26","guid":{"rendered":"http:\/\/gradadigital.com\/home\/?p=30592"},"modified":"2016-08-26T02:40:35","modified_gmt":"2016-08-26T07:10:35","slug":"intentan-sabotear-recuperacion-del-cesped-del-olimpico-de-la-ucv","status":"publish","type":"post","link":"http:\/\/gradadigital.com\/home\/intentan-sabotear-recuperacion-del-cesped-del-olimpico-de-la-ucv\/","title":{"rendered":"Intentan sabotear recuperaci\u00f3n del c\u00e9sped del Ol\u00edmpico de la UCV"},"content":{"rendered":"<p style=\"text-align: center;\"><img loading=\"lazy\" decoding=\"async\" class=\"alignnone size-full wp-image-9396\" src=\"http:\/\/gradadigital.com\/home\/wp-content\/uploads\/2014\/02\/estadio_olimpico_ucv_caracas_zulia_19022014_3.jpg\" alt=\"estadio_olimpico_ucv_caracas_zulia_19022014_3\" width=\"596\" height=\"346\" srcset=\"http:\/\/gradadigital.com\/home\/wp-content\/uploads\/2014\/02\/estadio_olimpico_ucv_caracas_zulia_19022014_3.jpg 596w, http:\/\/gradadigital.com\/home\/wp-content\/uploads\/2014\/02\/estadio_olimpico_ucv_caracas_zulia_19022014_3-300x174.jpg 300w\" sizes=\"auto, (max-width: 596px) 100vw, 596px\" \/><\/p>\n<p style=\"text-align: justify;\"><strong>GradaDigital.com &#8211;<\/strong> El presidente de la Asociaci\u00f3n de F\u00fatbol en Venezuela, quien tambi\u00e9n es el presidente del Deportivo La Guaira, George Antar, denunci\u00f3 a trav\u00e9s de su cuenta oficial de Twitter, que un grupo de estudiantes intentan impedir la recuperaci\u00f3n del c\u00e9sped del estadio Ol\u00edmpico de la UCV.<\/p>\n<p style=\"text-align: justify;\">\u00abHoy nos topamos con algunos estudiantes\u00a0que quieren sabotear los trabajos de recuperaci\u00f3n que estamos realizando en la UCV.\u00a0Me cuesta creer que los j\u00f3venes estudiantes no quieran ver finalmente mejoradas las instalaciones deportivas de su Alma Mater\u00bb, expres\u00f3 Antar, quien agreg\u00f3 que \u00aben el Deportivo La Guaira\u00a0estamos invirtiendo y trabajando en la recuperaci\u00f3n del engramado del estadio Ol\u00edmpico de la UCV.\u00a0Y tambi\u00e9n adquirimos ya la grama artificial para la cancha de Sierra Maestra, para que sea de uso exclusivo de todos los alumnos de la UCV.\u00a0Nos parece inconcebible e il\u00f3gico que se nos impida recuperar infraestructuras que acumulan a\u00f1os sin recibir ninguna mejora\u00bb.<\/p>\n<p style=\"text-align: justify;\">Los trabajos de recuperaci\u00f3n del c\u00e9sped comenzaron\u00a0antes del inicio del Torneo Clausura, un trabajo que realiza en conjunto el Deportivo La Guaira y el Caracas FC. El mensaje de Antar fue tambi\u00e9n extendido por el capit\u00e1n de la Selecci\u00f3n de Venezuela, Tom\u00e1s Rinc\u00f3n, quien coment\u00f3 que \u00ab\u00bfhay gente que no quiera ver mejoradas las instalaciones de la UCV? La capital merece un c\u00e9sped de primer nivel\u00bb.\u00a0Hasta la fecha, la recuperaci\u00f3n del c\u00e9sped estar\u00eda en un 80%.<\/p>\n","protected":false},"excerpt":{"rendered":"<p>GradaDigital.com &#8211; El presidente de la Asociaci\u00f3n de F\u00fatbol en Venezuela, quien tambi\u00e9n es el presidente del Deportivo La Guaira, George Antar, denunci\u00f3 a trav\u00e9s de su cuenta oficial de Twitter, que un grupo de estudiantes intentan impedir la recuperaci\u00f3n del c\u00e9sped del estadio Ol\u00edmpico de la UCV. \u00abHoy nos topamos con algunos estudiantes\u00a0que quieren &#8230;<\/p>\n","protected":false},"author":4,"featured_media":9396,"comment_status":"closed","ping_status":"closed","sticky":false,"template":"","format":"standard","meta":{"footnotes":""},"categories":[752,9,18,5,31],"tags":[],"class_list":["post-30592","post","type-post","status-publish","format-standard","has-post-thumbnail","hentry","category-appgd","category-caracas-fc","category-real-esppor","category-futbol-nacional","category-primera-division"],"_links":{"self":[{"href":"http:\/\/gradadigital.com\/home\/wp-json\/wp\/v2\/posts\/30592","targetHints":{"allow":["GET"]}}],"collection":[{"href":"http:\/\/gradadigital.com\/home\/wp-json\/wp\/v2\/posts"}],"about":[{"href":"http:\/\/gradadigital.com\/home\/wp-json\/wp\/v2\/types\/post"}],"author":[{"embeddable":true,"href":"http:\/\/gradadigital.com\/home\/wp-json\/wp\/v2\/users\/4"}],"replies":[{"embeddable":true,"href":"http:\/\/gradadigital.com\/home\/wp-json\/wp\/v2\/comments?post=30592"}],"version-history":[{"count":3,"href":"http:\/\/gradadigital.com\/home\/wp-json\/wp\/v2\/posts\/30592\/revisions"}],"predecessor-version":[{"id":30728,"href":"http:\/\/gradadigital.com\/home\/wp-json\/wp\/v2\/posts\/30592\/revisions\/30728"}],"wp:featuredmedia":[{"embeddable":true,"href":"http:\/\/gradadigital.com\/home\/wp-json\/wp\/v2\/media\/9396"}],"wp:attachment":[{"href":"http:\/\/gradadigital.com\/home\/wp-json\/wp\/v2\/media?parent=30592"}],"wp:term":[{"taxonomy":"category","embeddable":true,"href":"http:\/\/gradadigital.com\/home\/wp-json\/wp\/v2\/categories?post=30592"},{"taxonomy":"post_tag","embeddable":true,"href":"http:\/\/gradadigital.com\/home\/wp-json\/wp\/v2\/tags?post=30592"}],"curies":[{"name":"wp","href":"https:\/\/api.w.org\/{rel}","templated":true}]}}