{"id":30488,"date":"2016-08-19T12:05:36","date_gmt":"2016-08-19T16:35:36","guid":{"rendered":"http:\/\/gradadigital.com\/home\/?p=30488"},"modified":"2016-08-20T02:00:46","modified_gmt":"2016-08-20T06:30:46","slug":"fin-del-ciclo-en-la-vinotinto-seijas-explica-por-que-no-esta-en-la-convocatoria","status":"publish","type":"post","link":"http:\/\/gradadigital.com\/home\/fin-del-ciclo-en-la-vinotinto-seijas-explica-por-que-no-esta-en-la-convocatoria\/","title":{"rendered":"\u00abNo es una renuncia definitiva\u00bb, Seijas explica por qu\u00e9 no est\u00e1 en la convocatoria"},"content":{"rendered":"<p style=\"text-align: center;\"><img decoding=\"async\" src=\"http:\/\/gradadigital.com\/home\/wp-content\/uploads\/2016\/07\/luis_manuel_seijas_venezuela_argentina_18062016.jpg\" \/><\/p>\n<p style=\"text-align: justify;\"><strong>GradaDigital.com &#8211;<\/strong> En una entrevista realizada por el periodista Carlos Dom\u00edngues a Luis Manuel Seijas para <a href=\"http:\/\/unionradio.net\/deportes-radio-player\/\" target=\"_blank\"><em><strong>11 titular<\/strong><\/em> de Uni\u00f3n Radio<\/a>, sobre las razones de su ausencia en la convocatoria de la Selecci\u00f3n de Venezuela, el jugador del Internacional de Porto Alegre expres\u00f3 que su ciclo en la Vinotinto, por ahora, est\u00e1 pausado y que prefiere darle la posibilidad a la camada que viene tomando terreno. De esta manera, asegura que la informaci\u00f3n emitida por el\u00a0periodista\u00a0Jo\u00e3o Filho,\u00a0quien hab\u00eda asegurado que Seijas quer\u00eda ayudar al Inter para las pr\u00f3ximas dos fechas, es\u00a0falsa: <strong>\u00abno pasa por ah\u00ed. Es una conclusi\u00f3n del periodista que saca su propio an\u00e1lisis\u00bb<\/strong>.<\/p>\n<p style=\"text-align: justify;\">El venezolano coment\u00f3 que con Dudamel tiene\u00a0<strong>\u00abmucha afinidad, hemos compartido muchas cosas. Nuestra relaci\u00f3n ha sido muy fuerte y\u00a0tuvimos una charla llegando a la conclusi\u00f3n de que capaz hoy no tengo algo que aportar a la selecci\u00f3n.\u00a0Se tom\u00f3 la decisi\u00f3n de que hoy en d\u00eda es mejor darle el paso a otros j\u00f3venes, sin cerrar la puerta en ning\u00fan momento. No es una renuncia definitiva\u00bb<\/strong>, agreg\u00f3.<\/p>\n<p style=\"text-align: justify;\">Seijas tambi\u00e9n sum\u00f3 que <strong>\u00abdebo aceptar que en el \u00faltimo a\u00f1o me falt\u00f3. La fuerza mental es importante para afrontar ciertas cosas, as\u00ed que creo que es mejor darle paso a otros j\u00f3venes. La vida sigue\u00bb<\/strong>. Sobre si le afect\u00f3 las cr\u00edticas por el penal fallado ante Argentina en la Copa Am\u00e9rica Centenario, asegur\u00f3 que <strong>\u00aba mi familia mucho.\u00a0El tema no es lo que pas\u00f3, sino lo que hacen con lo que pas\u00f3\u00bb<\/strong>.<\/p>\n","protected":false},"excerpt":{"rendered":"<p>GradaDigital.com &#8211; En una entrevista realizada por el periodista Carlos Dom\u00edngues a Luis Manuel Seijas para 11 titular de Uni\u00f3n Radio, sobre las razones de su ausencia en la convocatoria de la Selecci\u00f3n de Venezuela, el jugador del Internacional de Porto Alegre expres\u00f3 que su ciclo en la Vinotinto, por ahora, est\u00e1 pausado y que &#8230;<\/p>\n","protected":false},"author":4,"featured_media":29102,"comment_status":"closed","ping_status":"closed","sticky":false,"template":"","format":"standard","meta":{"footnotes":""},"categories":[752,4,40,3],"tags":[],"class_list":["post-30488","post","type-post","status-publish","format-standard","has-post-thumbnail","hentry","category-appgd","category-legionarios","category-seleccion-nacional-mayores","category-seleccion-nacional"],"_links":{"self":[{"href":"http:\/\/gradadigital.com\/home\/wp-json\/wp\/v2\/posts\/30488","targetHints":{"allow":["GET"]}}],"collection":[{"href":"http:\/\/gradadigital.com\/home\/wp-json\/wp\/v2\/posts"}],"about":[{"href":"http:\/\/gradadigital.com\/home\/wp-json\/wp\/v2\/types\/post"}],"author":[{"embeddable":true,"href":"http:\/\/gradadigital.com\/home\/wp-json\/wp\/v2\/users\/4"}],"replies":[{"embeddable":true,"href":"http:\/\/gradadigital.com\/home\/wp-json\/wp\/v2\/comments?post=30488"}],"version-history":[{"count":7,"href":"http:\/\/gradadigital.com\/home\/wp-json\/wp\/v2\/posts\/30488\/revisions"}],"predecessor-version":[{"id":30525,"href":"http:\/\/gradadigital.com\/home\/wp-json\/wp\/v2\/posts\/30488\/revisions\/30525"}],"wp:featuredmedia":[{"embeddable":true,"href":"http:\/\/gradadigital.com\/home\/wp-json\/wp\/v2\/media\/29102"}],"wp:attachment":[{"href":"http:\/\/gradadigital.com\/home\/wp-json\/wp\/v2\/media?parent=30488"}],"wp:term":[{"taxonomy":"category","embeddable":true,"href":"http:\/\/gradadigital.com\/home\/wp-json\/wp\/v2\/categories?post=30488"},{"taxonomy":"post_tag","embeddable":true,"href":"http:\/\/gradadigital.com\/home\/wp-json\/wp\/v2\/tags?post=30488"}],"curies":[{"name":"wp","href":"https:\/\/api.w.org\/{rel}","templated":true}]}}