{"id":30469,"date":"2016-08-18T16:38:46","date_gmt":"2016-08-18T21:08:46","guid":{"rendered":"http:\/\/gradadigital.com\/home\/?p=30469"},"modified":"2016-08-20T02:12:54","modified_gmt":"2016-08-20T06:42:54","slug":"las-razones-de-que-seijas-no-haya-sido-convocado","status":"publish","type":"post","link":"http:\/\/gradadigital.com\/home\/las-razones-de-que-seijas-no-haya-sido-convocado\/","title":{"rendered":"Las razones por las que Seijas no fue convocado"},"content":{"rendered":"<p style=\"text-align: center;\"><img loading=\"lazy\" decoding=\"async\" class=\"alignnone size-full wp-image-28500\" src=\"http:\/\/gradadigital.com\/home\/wp-content\/uploads\/2016\/06\/luis_manuel_seijas_entrenamiento_venezuela_15062016_1.jpg\" alt=\"luis_manuel_seijas_entrenamiento_venezuela_15062016_1\" width=\"682\" height=\"455\" srcset=\"http:\/\/gradadigital.com\/home\/wp-content\/uploads\/2016\/06\/luis_manuel_seijas_entrenamiento_venezuela_15062016_1.jpg 682w, http:\/\/gradadigital.com\/home\/wp-content\/uploads\/2016\/06\/luis_manuel_seijas_entrenamiento_venezuela_15062016_1-300x200.jpg 300w\" sizes=\"auto, (max-width: 682px) 100vw, 682px\" \/><\/p>\n<p style=\"text-align: justify;\"><strong>GradaDigital.com &#8211;<\/strong> Sin duda alguna, el aficionado venezolano se not\u00f3 sorprendido <a href=\"http:\/\/gradadigital.com\/home\/oficial-estos-son-los-vinotintos-que-defenderan-a-venezuela-ante-colombia-y-argentina\/\" target=\"_blank\"><span style=\"color: #0000ff;\">por la ausencia de Luis Manuel Seijas en la Selecci\u00f3n de Venezuela para enfrentar a Colombia (1 de Septiembre) y Argentina (6 de Septiembre)<\/span><\/a>. La pregunta que muchos se hacen fueron: \u00bfson razones deportivas? \u00bfdecisi\u00f3n t\u00e9cnica?<\/p>\n<p style=\"text-align: justify;\">Para entender la ausencia del criollo que hace vida en el Internacional de Porto Alegre, se debe comenzar recordando la actualidad de su equipo: en el puesto 15 de 17, sumando 22 puntos, con solo apenas una unidad por encima del \u00faltimo lugar (Figueirense con 21).<\/p>\n<p style=\"text-align: justify;\">El periodista\u00a0Jo\u00e3o Filho de Brasil, <a href=\"http:\/\/jbfilhoreporter.final.com.br\/2016\/08\/15\/mais-uma-baita-atitude-do-seijas-um-lider\/\" target=\"_blank\"><span style=\"color: #0000ff;\">realiz\u00f3 una nota (15 de agosto) para el medio digital\u00a0<em>Final.com.br<\/em><\/span><\/a>. All\u00ed coment\u00f3 que <strong>\u00abSeijas\u00a0est\u00e1 tratando su liberaci\u00f3n\u00a0de la\u00a0convocatoria con el\u00a0entrenador de Venezuela (Rafael Dudamel), demostrando\u00a0que necesita mucho ayudar al Inter para salir de esta situaci\u00f3n (posible descenso)\u00bb<\/strong>. El periodista adem\u00e1s recuerda que de Seijas asistir a la selecci\u00f3n, se hubiese perdido el juego\u00a0ante el Santos el 8 de septiembre en Beira-R\u00edo, un encuentro que sugiere ser trascendental para las aspiraciones de salvaci\u00f3n. Tambi\u00e9n se hubiese ausentado para\u00a0la fecha pautada para el 31 de agosto ante Fortaleza.<\/p>\n","protected":false},"excerpt":{"rendered":"<p>GradaDigital.com &#8211; Sin duda alguna, el aficionado venezolano se not\u00f3 sorprendido por la ausencia de Luis Manuel Seijas en la Selecci\u00f3n de Venezuela para enfrentar a Colombia (1 de Septiembre) y Argentina (6 de Septiembre). La pregunta que muchos se hacen fueron: \u00bfson razones deportivas? \u00bfdecisi\u00f3n t\u00e9cnica? Para entender la ausencia del criollo que hace &#8230;<\/p>\n","protected":false},"author":4,"featured_media":28500,"comment_status":"closed","ping_status":"closed","sticky":false,"template":"","format":"standard","meta":{"footnotes":""},"categories":[752,4,40,3],"tags":[],"class_list":["post-30469","post","type-post","status-publish","format-standard","has-post-thumbnail","hentry","category-appgd","category-legionarios","category-seleccion-nacional-mayores","category-seleccion-nacional"],"_links":{"self":[{"href":"http:\/\/gradadigital.com\/home\/wp-json\/wp\/v2\/posts\/30469","targetHints":{"allow":["GET"]}}],"collection":[{"href":"http:\/\/gradadigital.com\/home\/wp-json\/wp\/v2\/posts"}],"about":[{"href":"http:\/\/gradadigital.com\/home\/wp-json\/wp\/v2\/types\/post"}],"author":[{"embeddable":true,"href":"http:\/\/gradadigital.com\/home\/wp-json\/wp\/v2\/users\/4"}],"replies":[{"embeddable":true,"href":"http:\/\/gradadigital.com\/home\/wp-json\/wp\/v2\/comments?post=30469"}],"version-history":[{"count":7,"href":"http:\/\/gradadigital.com\/home\/wp-json\/wp\/v2\/posts\/30469\/revisions"}],"predecessor-version":[{"id":30527,"href":"http:\/\/gradadigital.com\/home\/wp-json\/wp\/v2\/posts\/30469\/revisions\/30527"}],"wp:featuredmedia":[{"embeddable":true,"href":"http:\/\/gradadigital.com\/home\/wp-json\/wp\/v2\/media\/28500"}],"wp:attachment":[{"href":"http:\/\/gradadigital.com\/home\/wp-json\/wp\/v2\/media?parent=30469"}],"wp:term":[{"taxonomy":"category","embeddable":true,"href":"http:\/\/gradadigital.com\/home\/wp-json\/wp\/v2\/categories?post=30469"},{"taxonomy":"post_tag","embeddable":true,"href":"http:\/\/gradadigital.com\/home\/wp-json\/wp\/v2\/tags?post=30469"}],"curies":[{"name":"wp","href":"https:\/\/api.w.org\/{rel}","templated":true}]}}