{"id":30441,"date":"2016-08-17T21:31:19","date_gmt":"2016-08-18T02:01:19","guid":{"rendered":"http:\/\/gradadigital.com\/home\/?p=30441"},"modified":"2016-08-18T03:21:28","modified_gmt":"2016-08-18T07:51:28","slug":"nuevas-propuestas-estas-son-las-medidas-que-propone-tony-carrasco-para-una-nueva-fvf","status":"publish","type":"post","link":"http:\/\/gradadigital.com\/home\/nuevas-propuestas-estas-son-las-medidas-que-propone-tony-carrasco-para-una-nueva-fvf\/","title":{"rendered":"\u00a1Nuevas propuestas! Estas son las medidas que propone Tony Carrasco para una nueva FVF"},"content":{"rendered":"<p style=\"text-align: center;\"><img loading=\"lazy\" decoding=\"async\" class=\"alignnone size-full wp-image-27849\" src=\"http:\/\/gradadigital.com\/home\/wp-content\/uploads\/2016\/05\/tony_carrasco_gfvf_foro_19052016_2.jpg\" alt=\"tony_carrasco_gfvf_foro_19052016_2\" width=\"682\" height=\"455\" srcset=\"http:\/\/gradadigital.com\/home\/wp-content\/uploads\/2016\/05\/tony_carrasco_gfvf_foro_19052016_2.jpg 682w, http:\/\/gradadigital.com\/home\/wp-content\/uploads\/2016\/05\/tony_carrasco_gfvf_foro_19052016_2-300x200.jpg 300w\" sizes=\"auto, (max-width: 682px) 100vw, 682px\" \/><\/p>\n<p style=\"text-align: justify;\"><strong>Prensa GFVF &#8211;<\/strong>\u00a0Un diagn\u00f3stico compartido sobre la situaci\u00f3n actual del f\u00fatbol venezolano, permitir\u00e1 sentar las bases para la definici\u00f3n de las l\u00edneas rectoras y objetivos\u00a0de la nueva GFVF.<\/p>\n<p style=\"text-align: justify;\">La GFVF impulsar\u00e1 y promover\u00e1:<\/p>\n<p style=\"text-align: justify;\">\u2022 La b\u00fasqueda de la excelencia deportiva y los resultados necesarios para ser competitivos a nivel regional y mundial (categor\u00eda y g\u00e9nero).<\/p>\n<p style=\"text-align: justify;\">\u2022 La consolidaci\u00f3n de un modelo organizativo y de gesti\u00f3n que haga sostenible el crecimiento y desarrollo del F\u00fatbol Venezolano.<\/p>\n<p style=\"text-align: justify;\">\u2022 El fortalecimiento de la institucionalidad y organizaci\u00f3n del F\u00fatbol Venezolano, promoviendo alianzas para alcanzar los objetivos.<\/p>\n<p style=\"text-align: justify;\">\u2022 Su transformaci\u00f3n en un agente de cambio en la sociedad, mediante la participaci\u00f3n e identificaci\u00f3n con el f\u00fatbol.<\/p>\n<p style=\"text-align: justify;\">\u2022 El desarrollo y mejora del f\u00fatbol base en su reglamentaci\u00f3n y organizaci\u00f3n.<\/p>\n<p style=\"text-align: justify;\">\u2022 El f\u00fatbol alternativo (sala y playa) en todas las categor\u00edas y g\u00e9neros.<\/p>\n<p style=\"text-align: justify;\">\u2022 La mejora y de la infraestructura (seguridad, superficie, ambiente).<\/p>\n<p style=\"text-align: justify;\">\u2022 El desarrollo del f\u00fatbol profesional (alta competencia): ingresos, derechos, estadios, clubes-equipos y espect\u00e1culo.<\/p>\n<p style=\"text-align: justify;\">\u2022 Estrategias y planes de formaci\u00f3n\/capacitaci\u00f3n de entrenadores y \u00e1rbitros (propia, mediante alianzas, distintos formatos: presencial o<br \/>\nvirtual).<\/p>\n<p style=\"text-align: justify;\">\u2022 Estrategias de relacionamiento con medios de comunicaci\u00f3n y prensa.<\/p>\n<p style=\"text-align: justify;\">\u2022 Estrategias de mercadeo y comercializaci\u00f3n de productos y servicios, como base de la sustentabilidad financiera de la organizaci\u00f3n.<\/p>\n<p style=\"text-align: justify;\">\u2022 El desarrollo integral del atleta durante las diferentes etapas de su ciclo deportivo.<\/p>\n<p style=\"text-align: justify;\">Estos diferentes puntos fueron investigados, estudiados y debatidos para atacar las fallas existentes y mejorarlas, en pro de gerenciar una Federaci\u00f3n de F\u00fatbol donde cada integrante de este deporte se sienta apoyado, escuchado y atendido.<\/p>\n","protected":false},"excerpt":{"rendered":"<p>Prensa GFVF &#8211;\u00a0Un diagn\u00f3stico compartido sobre la situaci\u00f3n actual del f\u00fatbol venezolano, permitir\u00e1 sentar las bases para la definici\u00f3n de las l\u00edneas rectoras y objetivos\u00a0de la nueva GFVF. La GFVF impulsar\u00e1 y promover\u00e1: \u2022 La b\u00fasqueda de la excelencia deportiva y los resultados necesarios para ser competitivos a nivel regional y mundial (categor\u00eda y g\u00e9nero). &#8230;<\/p>\n","protected":false},"author":4,"featured_media":27849,"comment_status":"closed","ping_status":"closed","sticky":false,"template":"","format":"standard","meta":{"footnotes":""},"categories":[752,5,40,3],"tags":[],"class_list":["post-30441","post","type-post","status-publish","format-standard","has-post-thumbnail","hentry","category-appgd","category-futbol-nacional","category-seleccion-nacional-mayores","category-seleccion-nacional"],"_links":{"self":[{"href":"http:\/\/gradadigital.com\/home\/wp-json\/wp\/v2\/posts\/30441","targetHints":{"allow":["GET"]}}],"collection":[{"href":"http:\/\/gradadigital.com\/home\/wp-json\/wp\/v2\/posts"}],"about":[{"href":"http:\/\/gradadigital.com\/home\/wp-json\/wp\/v2\/types\/post"}],"author":[{"embeddable":true,"href":"http:\/\/gradadigital.com\/home\/wp-json\/wp\/v2\/users\/4"}],"replies":[{"embeddable":true,"href":"http:\/\/gradadigital.com\/home\/wp-json\/wp\/v2\/comments?post=30441"}],"version-history":[{"count":3,"href":"http:\/\/gradadigital.com\/home\/wp-json\/wp\/v2\/posts\/30441\/revisions"}],"predecessor-version":[{"id":30456,"href":"http:\/\/gradadigital.com\/home\/wp-json\/wp\/v2\/posts\/30441\/revisions\/30456"}],"wp:featuredmedia":[{"embeddable":true,"href":"http:\/\/gradadigital.com\/home\/wp-json\/wp\/v2\/media\/27849"}],"wp:attachment":[{"href":"http:\/\/gradadigital.com\/home\/wp-json\/wp\/v2\/media?parent=30441"}],"wp:term":[{"taxonomy":"category","embeddable":true,"href":"http:\/\/gradadigital.com\/home\/wp-json\/wp\/v2\/categories?post=30441"},{"taxonomy":"post_tag","embeddable":true,"href":"http:\/\/gradadigital.com\/home\/wp-json\/wp\/v2\/tags?post=30441"}],"curies":[{"name":"wp","href":"https:\/\/api.w.org\/{rel}","templated":true}]}}