{"id":3037,"date":"2013-07-29T12:28:31","date_gmt":"2013-07-29T16:58:31","guid":{"rendered":"http:\/\/gradadigital.com\/home\/?p=3037"},"modified":"2013-07-29T12:28:31","modified_gmt":"2013-07-29T16:58:31","slug":"suanno-sabemos-que-el-primer-partido-sera-importante-y-no-debemos-recibir-goles","status":"publish","type":"post","link":"http:\/\/gradadigital.com\/home\/suanno-sabemos-que-el-primer-partido-sera-importante-y-no-debemos-recibir-goles\/","title":{"rendered":"Suanno: \u00abSabemos que el primer partido ser\u00e1 importante y no debemos recibir goles\u00bb"},"content":{"rendered":"<p style=\"text-align: center;\"><img loading=\"lazy\" decoding=\"async\" class=\"alignnone size-full wp-image-3038\" alt=\"vicente_suanno_entrenamiento_cdlara_ecuador_28072013\" src=\"http:\/\/gradadigital.com\/home\/wp-content\/uploads\/2013\/07\/vicente_suanno_entrenamiento_cdlara_ecuador_28072013.jpg\" width=\"596\" height=\"346\" srcset=\"http:\/\/gradadigital.com\/home\/wp-content\/uploads\/2013\/07\/vicente_suanno_entrenamiento_cdlara_ecuador_28072013.jpg 596w, http:\/\/gradadigital.com\/home\/wp-content\/uploads\/2013\/07\/vicente_suanno_entrenamiento_cdlara_ecuador_28072013-300x174.jpg 300w\" sizes=\"auto, (max-width: 596px) 100vw, 596px\" \/><\/p>\n<p style=\"text-align: justify;\"><strong>Lcdo. Ram\u00f3n Medina &#8211;<\/strong> En horas de la ma\u00f1ana el Deportivo Lara realiz\u00f3\u00a0 su primer entrenamiento en cancha de f\u00fatbol, d\u00e1ndole inicio a la jornada de doble turnos que se llevar\u00e1 a cabo el d\u00eda de hoy en su instancia en Guayaquil para luego partir ma\u00f1ana hacia la ciudad de Loja.<\/p>\n<p style=\"text-align: justify;\">En vista de la preparaci\u00f3n para el partido de Copa Total Sudamericana 2013 ante la Liga Deportiva Universitaria de Loja, la primera sesi\u00f3n se ejecut\u00f3 en la Cancha de F\u00fatbol del Colegio Torremar en las afueras de Guayaquil, enfocados en trabajos f\u00edsicos y t\u00e9cnicos &#8211; t\u00e1cticos en zona.<\/p>\n<p style=\"text-align: justify;\">Chenso, como es llamado por sus compa\u00f1eros el jugador Vicente Suanno, coment\u00f3 sobre c\u00f3mo ha sido el proceso de adaptaci\u00f3n en el pa\u00eds meridional y especific\u00f3 cuales deben ser los objetivos en el primer cotejo de la llave.<\/p>\n<p style=\"text-align: justify;\">\u201cEl equipo descans\u00f3 lo necesario, el equipo est\u00e1 preparado para asumir este reto nuevamente, esperando llevarnos un buen resultado a Barquisimeto, hoy tendremos doble turno y estaremos pensando en Loja.\u201d\u00a0Apunt\u00f3.<\/p>\n<p style=\"text-align: justify;\">Para el \u201c8\u201d crepuscular, el compromiso ante la Loja un equipo que ya tuvo participaci\u00f3n en esta copa hace un a\u00f1o, lo hace igual de dif\u00edcil que los rivales en la Libertadores.\u00a0\u201cCuando estuvimos en la Copa Libertadores nos toc\u00f3 un grupo dif\u00edcil, y ahora nos toca otro rival dif\u00edcil de la zona, donde sabemos que el primer partido ser\u00e1 importante y no debemos recibir goles.\u201d<\/p>\n<p style=\"text-align: justify;\">\u00bfQu\u00e9 aprendi\u00f3 el Deportivo Lara en la pasada Copa Sudamericana y Copa Libertadores para vencer al equipo de turno?\u00a0\u201cLa ense\u00f1anza que podemos tener para esta oportunidad es no regalar goles en los primeros minutos, por ah\u00ed contra Olimpia pas\u00f3 eso, debemos contrarrestar eso y debemos tomar la iniciativa del partido.\u201d<\/p>\n<p style=\"text-align: justify;\">\u201cLa clave pasa por dejar el arco en cero, si bien un empate es positivo, hay que dejar el arco en cero, inclusive si marcamos los goles valen doble, esperamos ser certeros al atacar y aprovechar nuestros elementos r\u00e1pidos y no poder equivocarnos como en Tolima donde no pudimos remontar en casa.\u201d\u00a0Resumi\u00f3 el volante defensivo rememorando el cruce ante Tolima.<\/p>\n<p style=\"text-align: justify;\">Abordado sobre sus conocimientos del conjunto de la Ciudad Capital Musical de Ecuador, describi\u00f3.\u00a0\u201cSabemos que juegan con tres atr\u00e1s, con dos medios de contenci\u00f3n, un enganche, carrileros que buscaran meter centros y entonces son cosas que hay que tener cuidado, debemos tener la iniciativa.\u201d<\/p>\n<p style=\"text-align: justify;\">La plantilla entrenar\u00e1\u00a0a las 4:00pm (Hora de Ecuador) en la cancha alterna del equipo Barcelona de Guayaquil siendo el segundo turno de la jornada de hoy.<\/p>\n","protected":false},"excerpt":{"rendered":"<p>Lcdo. Ram\u00f3n Medina &#8211; En horas de la ma\u00f1ana el Deportivo Lara realiz\u00f3\u00a0 su primer entrenamiento en cancha de f\u00fatbol, d\u00e1ndole inicio a la jornada de doble turnos que se llevar\u00e1 a cabo el d\u00eda de hoy en su instancia en Guayaquil para luego partir ma\u00f1ana hacia la ciudad de Loja. En vista de la &#8230;<\/p>\n","protected":false},"author":4,"featured_media":3038,"comment_status":"closed","ping_status":"closed","sticky":false,"template":"","format":"standard","meta":{"footnotes":""},"categories":[8,38,36],"tags":[],"class_list":["post-3037","post","type-post","status-publish","format-standard","has-post-thumbnail","hentry","category-cd-lara","category-copa-sudamericana","category-internacional"],"_links":{"self":[{"href":"http:\/\/gradadigital.com\/home\/wp-json\/wp\/v2\/posts\/3037","targetHints":{"allow":["GET"]}}],"collection":[{"href":"http:\/\/gradadigital.com\/home\/wp-json\/wp\/v2\/posts"}],"about":[{"href":"http:\/\/gradadigital.com\/home\/wp-json\/wp\/v2\/types\/post"}],"author":[{"embeddable":true,"href":"http:\/\/gradadigital.com\/home\/wp-json\/wp\/v2\/users\/4"}],"replies":[{"embeddable":true,"href":"http:\/\/gradadigital.com\/home\/wp-json\/wp\/v2\/comments?post=3037"}],"version-history":[{"count":2,"href":"http:\/\/gradadigital.com\/home\/wp-json\/wp\/v2\/posts\/3037\/revisions"}],"predecessor-version":[{"id":3040,"href":"http:\/\/gradadigital.com\/home\/wp-json\/wp\/v2\/posts\/3037\/revisions\/3040"}],"wp:featuredmedia":[{"embeddable":true,"href":"http:\/\/gradadigital.com\/home\/wp-json\/wp\/v2\/media\/3038"}],"wp:attachment":[{"href":"http:\/\/gradadigital.com\/home\/wp-json\/wp\/v2\/media?parent=3037"}],"wp:term":[{"taxonomy":"category","embeddable":true,"href":"http:\/\/gradadigital.com\/home\/wp-json\/wp\/v2\/categories?post=3037"},{"taxonomy":"post_tag","embeddable":true,"href":"http:\/\/gradadigital.com\/home\/wp-json\/wp\/v2\/tags?post=3037"}],"curies":[{"name":"wp","href":"https:\/\/api.w.org\/{rel}","templated":true}]}}