{"id":30258,"date":"2016-08-15T13:23:31","date_gmt":"2016-08-15T17:53:31","guid":{"rendered":"http:\/\/gradadigital.com\/home\/?p=30258"},"modified":"2016-08-15T14:35:06","modified_gmt":"2016-08-15T19:05:06","slug":"rosales-ahora-todo-el-mundo-nos-ve-muy-distintos","status":"publish","type":"post","link":"http:\/\/gradadigital.com\/home\/rosales-ahora-todo-el-mundo-nos-ve-muy-distintos\/","title":{"rendered":"Rosales: \u00abAhora todo el mundo nos ve muy distintos\u00bb"},"content":{"rendered":"<p style=\"text-align: center;\"><img loading=\"lazy\" decoding=\"async\" class=\"alignnone size-full wp-image-27899\" src=\"http:\/\/gradadigital.com\/home\/wp-content\/uploads\/2016\/05\/roberto_rosales_vinotinto_21052016.jpg\" alt=\"roberto_rosales_vinotinto_21052016\" width=\"682\" height=\"455\" srcset=\"http:\/\/gradadigital.com\/home\/wp-content\/uploads\/2016\/05\/roberto_rosales_vinotinto_21052016.jpg 682w, http:\/\/gradadigital.com\/home\/wp-content\/uploads\/2016\/05\/roberto_rosales_vinotinto_21052016-300x200.jpg 300w\" sizes=\"auto, (max-width: 682px) 100vw, 682px\" \/><\/p>\n<p style=\"text-align: justify;\"><strong>Prensa Vinotinto\u00a0&#8211;<\/strong> Falta poco para la reanudaci\u00f3n de la eliminatoria mundialista y en la selecci\u00f3n nacional renovaron su fe luego de la buena Copa Am\u00e9rica Centenario que se hizo. Roberto Rosales habl\u00f3 de los objetivos que se plantean puertas adentro para los partidos contra Colombia y Argentina, despu\u00e9s de reunirse con Rafael Dudamel y su cuerpo t\u00e9cnico en d\u00edas pasados.<\/p>\n<p style=\"text-align: justify;\"><strong>\u00abEs una nueva eliminatoria. Sabemos que no comenzamos bien y que lo que hemos hecho no ha sido suficiente, pero tambi\u00e9n es cierto que el equipo ya mostr\u00f3 una nueva cara durante la Copa Am\u00e9rica pasada, que va a ser fundamental para afrontar ahora estos dos partidos que son cruciales para nosotros. Vamos con todas las ganas, con toda la ilusi\u00f3n de hacer la mayor cantidad de puntos posibles\u00bb<\/strong>, destac\u00f3 el defensor.<\/p>\n<p style=\"text-align: justify;\"><strong>\u00abDebido a que hicimos una muy buena Copa Am\u00e9rica todo el mundo nos ve muy distintos, creo que recuperamos el respeto y la jerarqu\u00eda que ven\u00edamos trayendo. Sabemos que ser\u00e1 otra competencia, ya la Copa Am\u00e9rica pas\u00f3, no podemos vivir de eso; pero hay que sacar las cosas positivas y ponerlas en pr\u00e1ctica en estos dos partidos, porque si no est\u00e1s a la altura te comen vivos estos dos rivales\u00bb<\/strong>, a\u00f1adi\u00f3.<\/p>\n<p style=\"text-align: justify;\">A los rivales los conocen muy bien y esperan poder hacerles frente.\u00a0<strong>\u00abYa todo el mundo los conoce, Colombia en los \u00faltimos a\u00f1os ha sido un equipo muy fuerte, los jugadores han crecido much\u00edsimo, tienen mucha calidad. Hay que estar preparados, son jugadores muy buenos y en su pa\u00eds siempre hacen muy buenos partidos. No va a ser nada f\u00e1cil, sabemos la dificultad y vamos all\u00e1 a afrontarlos con todo el respeto que se merecen, pero nosotros con la intenci\u00f3n de buscar un resultado positivo\u00bb<\/strong>, opin\u00f3 el lateral sobre los cafeteros.<\/p>\n<p style=\"text-align: justify;\"><strong>\u00abA Argentina ya tuvimos la oportunidad de ganarle de local una vez, quiz\u00e1 en la Copa Am\u00e9rica no pudimos, pero lo lindo del f\u00fatbol es eso, que te da una revancha ya para poder hacer otro partido e intentaremos obtener un resultado positivo tambi\u00e9n\u00bb<\/strong>, apunt\u00f3 sobre la albiceleste.<\/p>\n<p style=\"text-align: justify;\">Estos pr\u00f3ximos partidos tambi\u00e9n representan un reto personal para el caraque\u00f1o, pues una lesi\u00f3n no le permiti\u00f3 emplearse a fondo en la Copa Am\u00e9rica. <strong>\u00abSiempre he dicho que estoy para ayudar al equipo. Lamentablemente no me toc\u00f3 jugar, pero el compa\u00f1ero, en este caso Alexander, hizo una gran Copa Am\u00e9rica y as\u00ed es la selecci\u00f3n, ac\u00e1 no se depende de ning\u00fan jugador en espec\u00edfico. Somos un grupo en el que nos ayudamos los unos a los otros y eso se demostr\u00f3. Para m\u00ed lo m\u00e1s importante es estar bien, ahora me siento muy bien, he realizado una gran pretemporada y espero llegar de la mejor manera para estos partidos. Creo que lo fundamental es ayudar al equipo e intentar\u00e9 hacerlo de la mejor manera\u00bb<\/strong>, cont\u00f3.<\/p>\n<p style=\"text-align: justify;\"><strong>Aplaude la estrategia<br \/>\n<\/strong>Para Roberto Rosales fue muy valiosa la visita del seleccionador nacional Rafael Dudamel y su cuerpo t\u00e9cnico. <strong>\u00abSiempre es importante esta comunicaci\u00f3n, siempre es bueno tener los puntos de vista de cada quien, saber lo que piensa, lo que se va a hacer. Eso es fundamental. Se ha hecho en varias ocasiones y ha dado buenos resultados. Hemos conversado, hemos planificado y eso ha sido importante. De cara al futuro tiene que seguir siendo as\u00ed. L\u00f3gicamente las exigencias de estos dos partidos tienen un m\u00e1ximo nivel y eso hay que verlo tambi\u00e9n, pero creo que con el equipo que tenemos y con la ambici\u00f3n que nunca hemos perdido vamos a conseguir algo positivo\u00bb<\/strong>, expres\u00f3.<\/p>\n<p style=\"text-align: justify;\"><strong>\u00abQuiz\u00e1 no es muy com\u00fan, cada quien tiene su manera de trabajar. En Europa es distinto, los t\u00e9cnicos son m\u00e1s distanciados. Esta es la manera de ser del profesor, lo ha hecho bien, al grupo le ha ido bien y es importante tener las metas claras, los objetivos, saber las cosas que se van a hacer. Todo eso te ayuda a enfocarte en la competencia\u00bb<\/strong>, ahond\u00f3.<\/p>\n<p style=\"text-align: justify;\"><strong>Enfocado en una nueva temporada<br \/>\n<\/strong>Rosales est\u00e1 en la fase final de la pretemporada con M\u00e1laga y espera tener un gran a\u00f1o. <strong>\u00abSiempre es una exigencia para uno mismo aumentar el nivel cada d\u00eda y creo que la liga espa\u00f1ola, tanto en Primera como en Segunda Divisi\u00f3n, es muy buena\u00bb<\/strong>, destac\u00f3.<\/p>\n<p style=\"text-align: justify;\">Asimismo, el defensor habl\u00f3 de lo positivo que es compartir d\u00eda a d\u00eda con dos compatriotas en su equipo. <strong>\u00abTener tres jugadores en un mismo equipo es muy positivo, porque ya se conocen, entrenan juntos todos los d\u00edas y al estar all\u00e1 (en la selecci\u00f3n) ser\u00e1 mucho m\u00e1s f\u00e1cil. Estoy muy contento con el rendimiento tanto de Mikel (Villanueva) como de Juanpi (A\u00f1or), que han hecho una pretemporada espectacular, han trabajado muy bien y este a\u00f1o van a ser muy importantes en el M\u00e1laga y en la selecci\u00f3n. Te digo con toda confianza que van con todas las ganas y la ilusi\u00f3n de hacer muy buenos partidos\u00bb<\/strong>, expres\u00f3.<\/p>\n","protected":false},"excerpt":{"rendered":"<p>Prensa Vinotinto\u00a0&#8211; Falta poco para la reanudaci\u00f3n de la eliminatoria mundialista y en la selecci\u00f3n nacional renovaron su fe luego de la buena Copa Am\u00e9rica Centenario que se hizo. Roberto Rosales habl\u00f3 de los objetivos que se plantean puertas adentro para los partidos contra Colombia y Argentina, despu\u00e9s de reunirse con Rafael Dudamel y su &#8230;<\/p>\n","protected":false},"author":4,"featured_media":27899,"comment_status":"closed","ping_status":"closed","sticky":false,"template":"","format":"standard","meta":{"footnotes":""},"categories":[752,4,40,3],"tags":[],"class_list":["post-30258","post","type-post","status-publish","format-standard","has-post-thumbnail","hentry","category-appgd","category-legionarios","category-seleccion-nacional-mayores","category-seleccion-nacional"],"_links":{"self":[{"href":"http:\/\/gradadigital.com\/home\/wp-json\/wp\/v2\/posts\/30258","targetHints":{"allow":["GET"]}}],"collection":[{"href":"http:\/\/gradadigital.com\/home\/wp-json\/wp\/v2\/posts"}],"about":[{"href":"http:\/\/gradadigital.com\/home\/wp-json\/wp\/v2\/types\/post"}],"author":[{"embeddable":true,"href":"http:\/\/gradadigital.com\/home\/wp-json\/wp\/v2\/users\/4"}],"replies":[{"embeddable":true,"href":"http:\/\/gradadigital.com\/home\/wp-json\/wp\/v2\/comments?post=30258"}],"version-history":[{"count":3,"href":"http:\/\/gradadigital.com\/home\/wp-json\/wp\/v2\/posts\/30258\/revisions"}],"predecessor-version":[{"id":30266,"href":"http:\/\/gradadigital.com\/home\/wp-json\/wp\/v2\/posts\/30258\/revisions\/30266"}],"wp:featuredmedia":[{"embeddable":true,"href":"http:\/\/gradadigital.com\/home\/wp-json\/wp\/v2\/media\/27899"}],"wp:attachment":[{"href":"http:\/\/gradadigital.com\/home\/wp-json\/wp\/v2\/media?parent=30258"}],"wp:term":[{"taxonomy":"category","embeddable":true,"href":"http:\/\/gradadigital.com\/home\/wp-json\/wp\/v2\/categories?post=30258"},{"taxonomy":"post_tag","embeddable":true,"href":"http:\/\/gradadigital.com\/home\/wp-json\/wp\/v2\/tags?post=30258"}],"curies":[{"name":"wp","href":"https:\/\/api.w.org\/{rel}","templated":true}]}}