{"id":3023,"date":"2013-07-29T12:05:15","date_gmt":"2013-07-29T16:35:15","guid":{"rendered":"http:\/\/gradadigital.com\/home\/?p=3023"},"modified":"2013-07-29T12:07:27","modified_gmt":"2013-07-29T16:37:27","slug":"gustavo-paez-aqui-las-individualidades-no-sirve-de-nada","status":"publish","type":"post","link":"http:\/\/gradadigital.com\/home\/gustavo-paez-aqui-las-individualidades-no-sirve-de-nada\/","title":{"rendered":"Gustavo P\u00e1ez: \u00abAqu\u00ed las individualidades no sirve de nada\u00bb"},"content":{"rendered":"<p style=\"text-align: center;\"><img loading=\"lazy\" decoding=\"async\" class=\"alignnone size-full wp-image-3019\" alt=\"gustavo_paez_entrenamiento_cdlara_ecuador_28072013\" src=\"http:\/\/gradadigital.com\/home\/wp-content\/uploads\/2013\/07\/gustavo_paez_entrenamiento_cdlara_ecuador_28072013.jpg\" width=\"596\" height=\"346\" srcset=\"http:\/\/gradadigital.com\/home\/wp-content\/uploads\/2013\/07\/gustavo_paez_entrenamiento_cdlara_ecuador_28072013.jpg 596w, http:\/\/gradadigital.com\/home\/wp-content\/uploads\/2013\/07\/gustavo_paez_entrenamiento_cdlara_ecuador_28072013-300x174.jpg 300w\" sizes=\"auto, (max-width: 596px) 100vw, 596px\" \/><\/p>\n<p style=\"text-align: justify;\"><strong>Lcdo. Ram\u00f3n Medina &#8211;<\/strong> Uno de los recientes fichajes del Deportivo Lara a petici\u00f3n del director t\u00e9cnico Lenin Bastidas, es el jugador Gustavo Paez quien es proveniente del Mallorca de Espa\u00f1a y que busca aportar su experiencia internacional al grupo.<\/p>\n<p style=\"text-align: justify;\">Paez, llega con el cartel de haber jugado en pa\u00edses como Eslovenia y tambi\u00e9n en Per\u00fa, ya que lo hizo con el Alianza Lima, por ello, se le abord\u00f3\u00a0sobre si su experiencia en el ff\u00fatbol de otros pa\u00edses puede ayudar para el grupo a conseguir un buen resultado en la ida ante la Loja.<\/p>\n<p style=\"text-align: justify;\">\u00bfQue debe hacer el Deportivo Lara para poder ganar el martes?\u00a0\u201cLo importante ser\u00e1 tener el bal\u00f3n, no podemos perder eso, espero poder tener la oportunidad de jugar, buscaremos sacar un buen resultado para que en nuestro campo que es una cancha m\u00e1s c\u00f3moda poder avanzar.\u201d<\/p>\n<p style=\"text-align: justify;\">\u201cNo sirve de nada pensar en mi experiencia, aqu\u00ed las individualidades no sirve de nada, somos un equipo al momento de estar ah\u00ed y en ese momento todos debemos dar el ciento por ciento.\u201dComent\u00f3 acerca de su experiencia en el f\u00fatbol extranjero.<\/p>\n<p style=\"text-align: justify;\">\u201cEllos seguro estar\u00e1n desde el principio queriendo marcar, nosotros debemos aguantar los primeros minutos y no correr tanto sin bal\u00f3n, que sea con el bal\u00f3n, hay que tenerla, y si podemos adelantarnos primero ser\u00eda un gran paso.\u201d Apunt\u00f3 el delantero y que tambi\u00e9n puede fungir como volante ofensivo.<\/p>\n<p style=\"text-align: justify;\">El joven jugador no especula mucho en resultados, sin embargo, confiesa que algunos marcadores pueden favorecer como visitante.\u00a0\u201cEmpezar ganando con un 1-0 es bueno, con el 1-1 tambi\u00e9n, es un resultado que nos favorece y para eso debemos adelantarnos primero.\u201d<\/p>\n<p style=\"text-align: justify;\">Sobre su adaptaci\u00f3n con la plantilla rojinegra y este primer viaje continental con un equipo venezolano en Sudamerica, expres\u00f3. \u201cEn lo personal me he sentido muy bien, no estuve con el grupo en la pretemporada pero me estoy sintiendo ya mejor por el trabajo que he hecho con el grupo, me ha ayudado a soltar y espero que el martes pueda estar mejor.\u201d<\/p>\n","protected":false},"excerpt":{"rendered":"<p>Lcdo. Ram\u00f3n Medina &#8211; Uno de los recientes fichajes del Deportivo Lara a petici\u00f3n del director t\u00e9cnico Lenin Bastidas, es el jugador Gustavo Paez quien es proveniente del Mallorca de Espa\u00f1a y que busca aportar su experiencia internacional al grupo. Paez, llega con el cartel de haber jugado en pa\u00edses como Eslovenia y tambi\u00e9n en &#8230;<\/p>\n","protected":false},"author":4,"featured_media":3019,"comment_status":"closed","ping_status":"closed","sticky":false,"template":"","format":"standard","meta":{"footnotes":""},"categories":[8,38,36],"tags":[],"class_list":["post-3023","post","type-post","status-publish","format-standard","has-post-thumbnail","hentry","category-cd-lara","category-copa-sudamericana","category-internacional"],"_links":{"self":[{"href":"http:\/\/gradadigital.com\/home\/wp-json\/wp\/v2\/posts\/3023","targetHints":{"allow":["GET"]}}],"collection":[{"href":"http:\/\/gradadigital.com\/home\/wp-json\/wp\/v2\/posts"}],"about":[{"href":"http:\/\/gradadigital.com\/home\/wp-json\/wp\/v2\/types\/post"}],"author":[{"embeddable":true,"href":"http:\/\/gradadigital.com\/home\/wp-json\/wp\/v2\/users\/4"}],"replies":[{"embeddable":true,"href":"http:\/\/gradadigital.com\/home\/wp-json\/wp\/v2\/comments?post=3023"}],"version-history":[{"count":3,"href":"http:\/\/gradadigital.com\/home\/wp-json\/wp\/v2\/posts\/3023\/revisions"}],"predecessor-version":[{"id":3028,"href":"http:\/\/gradadigital.com\/home\/wp-json\/wp\/v2\/posts\/3023\/revisions\/3028"}],"wp:featuredmedia":[{"embeddable":true,"href":"http:\/\/gradadigital.com\/home\/wp-json\/wp\/v2\/media\/3019"}],"wp:attachment":[{"href":"http:\/\/gradadigital.com\/home\/wp-json\/wp\/v2\/media?parent=3023"}],"wp:term":[{"taxonomy":"category","embeddable":true,"href":"http:\/\/gradadigital.com\/home\/wp-json\/wp\/v2\/categories?post=3023"},{"taxonomy":"post_tag","embeddable":true,"href":"http:\/\/gradadigital.com\/home\/wp-json\/wp\/v2\/tags?post=3023"}],"curies":[{"name":"wp","href":"https:\/\/api.w.org\/{rel}","templated":true}]}}