{"id":3014,"date":"2013-07-29T12:03:16","date_gmt":"2013-07-29T16:33:16","guid":{"rendered":"http:\/\/gradadigital.com\/home\/?p=3014"},"modified":"2013-07-29T12:06:18","modified_gmt":"2013-07-29T16:36:18","slug":"un-nuevo-capitulo-en-la-historia-sudamericana-para-el-deportivo-lara","status":"publish","type":"post","link":"http:\/\/gradadigital.com\/home\/un-nuevo-capitulo-en-la-historia-sudamericana-para-el-deportivo-lara\/","title":{"rendered":"+VIDEO | Un nuevo cap\u00edtulo en la historia Sudamericana para el Deportivo Lara"},"content":{"rendered":"<p style=\"text-align: center;\"><iframe loading=\"lazy\" width=\"682\" height=\"348\" src=\"http:\/\/www.youtube.com\/embed\/PfeOwbOBNZo?rel=0\" frameborder=\"0\" allowfullscreen><\/iframe>\n<p style=\"text-align: justify;\"><strong>Lcdo. Ram\u00f3n Medina &#8211;<\/strong> Ma\u00f1ana el Deportivo Lara volver\u00e1\u00a0a escribir una p\u00e1gina m\u00e1s en su joven pero rica historia, esta vez, en las p\u00e1ginas de las competiciones internacionales jugando su tercera Copa Sudamericana ante la Liga Deportiva Universitaria de Loja de Ecuador, en duelo de ida.<\/p>\n<p style=\"text-align: justify;\">El cotejo que se realizar\u00e1\u00a0en el Estadio Federativo Reina del Cisne de la ciudad musical ecuatoriana, reunir\u00e1 a los de Len\u00edn Bastidas en un compromiso donde los rojinegros llegan con muy buenas expectativas luego de la buena actuaci\u00f3n en la primera Copa Libertadores para el Depor.<\/p>\n<p style=\"text-align: justify;\">El director t\u00e9cnico caraque\u00f1o en definitiva ser\u00e1\u00a0el \u00fanico DT en dirigir m\u00e1s partidos internacionales en los rojinegros con 8 hasta los momentos sin sumar un posible avance de ronda en esta copa, dejando atr\u00e1s a Eduardo Sarag\u00f3 con 2 y Carlos Hern\u00e1ndez tambi\u00e9n con 2.<\/p>\n<p style=\"text-align: justify;\">Bastidas coment\u00f3\u00a0lo que viene para el Deportivo Lara el d\u00eda de ma\u00f1ana en su primer partido en este torneo Conmebol y tambi\u00e9n analiza la adaptaci\u00f3n del grupo rumbo al\u00a0asalto\u00a0en Loja.<\/p>\n<p style=\"text-align: justify;\">\u201cEl equipo se ha visto con la mejor disposici\u00f3n y tranquilidad, he estado contento con este grupo porque sabe lo que quiere, buscaremos llegar de la forma m\u00e1s clara, complementaremos el trabajo para enfrentar a la Loja.\u201d\u00a0Rese\u00f1o.<\/p>\n<p style=\"text-align: justify;\">El estratega larense busc\u00f3\u00a0hacer\u00a0mea culpa\u00a0en cuanto a los equipos venezolanos en este tipo de competiciones.\u00a0\u201cLos equipos venezolanos les est\u00e1 faltando la contundencia, necesitamos ser mas contundentes como visitantes, porque en los partidos de ida y vuelta los de visitante tu puedes buscar la clasificaci\u00f3n y esos se les hace dif\u00edcil a los venezolanos.\u201d<\/p>\n<p style=\"text-align: center;\"><img loading=\"lazy\" decoding=\"async\" class=\"alignnone size-full wp-image-3015\" alt=\"lenin_bastidas_entrenamiento_cdlara_ecuador_28072013\" src=\"http:\/\/gradadigital.com\/home\/wp-content\/uploads\/2013\/07\/lenin_bastidas_entrenamiento_cdlara_ecuador_28072013.jpg\" width=\"596\" height=\"346\" srcset=\"http:\/\/gradadigital.com\/home\/wp-content\/uploads\/2013\/07\/lenin_bastidas_entrenamiento_cdlara_ecuador_28072013.jpg 596w, http:\/\/gradadigital.com\/home\/wp-content\/uploads\/2013\/07\/lenin_bastidas_entrenamiento_cdlara_ecuador_28072013-300x174.jpg 300w\" sizes=\"auto, (max-width: 596px) 100vw, 596px\" \/><\/p>\n<p style=\"text-align: justify;\">\u201cA todos nos ha tocado rivales dif\u00edciles, Loja, a Mineros el Barcelona, Trujillanos contra Equidad y el Anzo\u00e1tegui contra Independiente de Ecuador, la gente cree que es f\u00e1cil, y no, son muy dif\u00edciles.\u201d\u00a0Coment\u00f3 acerca de los dem\u00e1s equipos criollos.<\/p>\n<p style=\"text-align: justify;\">\u201cYo creo que este es el a\u00f1o donde los equipos pueden avanzar en la Copa Sudamericana, tenemos buenos t\u00e9cnicos, buenos jugadores, ojal\u00e1 los cuatro podamos y que el f\u00fatbol venezolano no sea solo la selecci\u00f3n quien est\u00e1 creciendo, sino tambi\u00e9n los equipos.\u201d\u00a0A\u00f1adi\u00f3.<\/p>\n<p style=\"text-align: justify;\">\u00bfEl secreto para conseguir el\u00a0 mejor resultado en Ecuador? \u201cDebemos cometer los menos errores posibles, siempre los peque\u00f1os detalles definen todo, la concentraci\u00f3n es clave, esta peque\u00f1a experiencia me dice que de visitante hay que buscar buenos resultados para sellar de local, y tenemos una bonita oportunidad para hacerlo.\u201d<\/p>\n<p style=\"text-align: justify;\">La visi\u00f3n del\u00a0mister\u00a0crepuscular para este tipo de compromisos permite que el equipo busque liquidar la serie en el primer partido.\u00a0\u201cEste no es un partido de 180 minutos como dicen,\u00a0 para mi son dos totalmente diferentes, porque si tu en 90 minutos pierdes 5-0 en el otro partido debes hacer 6 goles y no recibir ninguno, por eso no son partidos as\u00ed, son muy diferentes, hay que salir de la mejor manera en el primer partido y sellar en el segundo.\u201d<\/p>\n<p style=\"text-align: justify;\">\u00bfEs positivo cerrar en casa? \u201cEs indiferente, porque repito que son diferentes, si en el primer juego haces buen partido con una buena diferencia de goles el siguiente se te hace accesible, yo no tengo preferencias, lo importante es ser contundentes en ataque y solidos en defensa.\u201d<\/p>\n<p style=\"text-align: justify;\">Liga de Loja no viene en un buen momento en su torneo local, hace dos d\u00edas perdieron ante la Universidad Cat\u00f3lica 1-0, en un resultado que los sigue sepultando a los puestos de abajo (9no) con apenas 4 puntos en 5 compromisos ligueros.<\/p>\n<p style=\"text-align: justify;\">Los dirigidos por Alex Aguinaga buscaran tener un papel diferente en el \u00e1mbito internacional y dejar atr\u00e1s la mala actuaci\u00f3n en el torneo ecuatoriano, por ello, el rojinegro puede aprovechar la mala actualidad del equipo rival para afrontar esta serie.<\/p>\n<p style=\"text-align: justify;\">Luego de enfrentar a equipos colombianos, argentinos, chilenos y paraguayos mientras ha estado en el banquillo rojinegro, esta vez ser\u00e1 ante el conjunto meridional. \u201cEl f\u00fatbol ecuatoriano es muy f\u00edsico, debemos ser m\u00e1s inteligentes que ellos, son muy r\u00e1pidos y buscaremos contrarrestarlos, la altura no es algo como en La Paz con m\u00e1s de 3000 metros, seguro va a pegar, pero el equipo llegar\u00e1 muy bien al partido por el trabajo que hemos hecho.\u201d<\/p>\n<p style=\"text-align: justify;\">Finalizando, el profe se mantiene satisfecho de su equipo l\u00ednea por l\u00ednea para afrontar la Copa Sudamericana y los torneos locales. \u201cEstoy conforme, si bien no son los mismos nombres, creo que los hombres los seguimos teniendo, agradecidos con quienes se han ido porque esta copa la conseguimos gracias a ellos, pero los que llegaron les da un toque para mantener la calidad del equipo.\u201d<\/p>\n<p style=\"text-align: justify;\">Deportivo Lara jugar\u00e1\u00a0su tercera Copa Sudamericana, esta vez, ser\u00e1\u00a0la edici\u00f3n del a\u00f1o 2013. Sus primeras dos participaciones fueron en el 2010 donde obtuvieron su primera victoria internacional 2-0 ante Santa Fe de Bogot\u00e1\u00a0con goles de Aquiles Ocanto y Mauricio Chalar, para posteriormente caer en Colombia 4-0.<\/p>\n<p style=\"text-align: justify;\">La segunda fue nuevamente ante un equipo del vecino pa\u00eds, el Deportes Tolima, el 3-1 en contra jugado en Ibagu\u00e9\u00a0pes\u00f3\u00a0para el duelo de vuelta en Lara donde el equipo empat\u00f3\u00a0a cero y quedar fuera.<\/p>\n<p style=\"text-align: justify;\">Ahora los comandados por Bastidas esperan que se cumpla la famosa fraseF de, \u201cla tercera ser\u00e1 la vencida\u201d cuando visiten al Loja en su feudo y esperar conseguir un mejor resultado para poder avanzar en el Coloso de Cabudare el pr\u00f3ximo 6 de agosto.<\/p>\n<p style=\"text-align: justify;\">COPA TOTAL SUDAMERICANA 2013:<\/p>\n<p style=\"text-align: justify;\">Partido: Liga Deportiva Universitaria de Loja vs. Deportivo Lara<\/p>\n<p style=\"text-align: justify;\">Estadio: Federativo Reina del Cisne<\/p>\n<p style=\"text-align: justify;\">Ciudad: Loja, Ecuador<\/p>\n<p style=\"text-align: justify;\">Fase: Primera ronda \u2013Zona Norte<\/p>\n<p style=\"text-align: justify;\">Terna arbitral: BOLIVIA:\u00a0Principal: Oscar Maldonado,\u00a0Primer\u00a0Asistente: Efra\u00edn Castro y\u00a0Segundo\u00a0Asistente\u00a0Humberto Paz<\/p>\n<p style=\"text-align: justify;\">Hora: 1:30pm (Hora de Ecuador) \u2013 2:00pm (Hora de Venezuela)<\/p>\n","protected":false},"excerpt":{"rendered":"<p>Lcdo. Ram\u00f3n Medina &#8211; Ma\u00f1ana el Deportivo Lara volver\u00e1\u00a0a escribir una p\u00e1gina m\u00e1s en su joven pero rica historia, esta vez, en las p\u00e1ginas de las competiciones internacionales jugando su tercera Copa Sudamericana ante la Liga Deportiva Universitaria de Loja de Ecuador, en duelo de ida. El cotejo que se realizar\u00e1\u00a0en el Estadio Federativo Reina &#8230;<\/p>\n","protected":false},"author":4,"featured_media":3017,"comment_status":"closed","ping_status":"closed","sticky":false,"template":"","format":"standard","meta":{"footnotes":""},"categories":[27,8,38,36],"tags":[],"class_list":["post-3014","post","type-post","status-publish","format-standard","has-post-thumbnail","hentry","category-video","category-cd-lara","category-copa-sudamericana","category-internacional"],"_links":{"self":[{"href":"http:\/\/gradadigital.com\/home\/wp-json\/wp\/v2\/posts\/3014","targetHints":{"allow":["GET"]}}],"collection":[{"href":"http:\/\/gradadigital.com\/home\/wp-json\/wp\/v2\/posts"}],"about":[{"href":"http:\/\/gradadigital.com\/home\/wp-json\/wp\/v2\/types\/post"}],"author":[{"embeddable":true,"href":"http:\/\/gradadigital.com\/home\/wp-json\/wp\/v2\/users\/4"}],"replies":[{"embeddable":true,"href":"http:\/\/gradadigital.com\/home\/wp-json\/wp\/v2\/comments?post=3014"}],"version-history":[{"count":4,"href":"http:\/\/gradadigital.com\/home\/wp-json\/wp\/v2\/posts\/3014\/revisions"}],"predecessor-version":[{"id":3026,"href":"http:\/\/gradadigital.com\/home\/wp-json\/wp\/v2\/posts\/3014\/revisions\/3026"}],"wp:featuredmedia":[{"embeddable":true,"href":"http:\/\/gradadigital.com\/home\/wp-json\/wp\/v2\/media\/3017"}],"wp:attachment":[{"href":"http:\/\/gradadigital.com\/home\/wp-json\/wp\/v2\/media?parent=3014"}],"wp:term":[{"taxonomy":"category","embeddable":true,"href":"http:\/\/gradadigital.com\/home\/wp-json\/wp\/v2\/categories?post=3014"},{"taxonomy":"post_tag","embeddable":true,"href":"http:\/\/gradadigital.com\/home\/wp-json\/wp\/v2\/tags?post=3014"}],"curies":[{"name":"wp","href":"https:\/\/api.w.org\/{rel}","templated":true}]}}