{"id":30082,"date":"2016-08-12T01:01:08","date_gmt":"2016-08-12T05:31:08","guid":{"rendered":"http:\/\/gradadigital.com\/home\/?p=30082"},"modified":"2016-08-12T01:10:51","modified_gmt":"2016-08-12T05:40:51","slug":"rio-2016-gabriel-maestre-se-clasifica-a-los-cuartos-de-final","status":"publish","type":"post","link":"http:\/\/gradadigital.com\/home\/rio-2016-gabriel-maestre-se-clasifica-a-los-cuartos-de-final\/","title":{"rendered":"Rio 2016 | Gabriel Maestre se clasifica a los cuartos de final"},"content":{"rendered":"<p style=\"text-align: center;\"><img loading=\"lazy\" decoding=\"async\" class=\"alignnone size-full wp-image-30086\" src=\"http:\/\/gradadigital.com\/home\/wp-content\/uploads\/2016\/08\/gabriel_maestre_boxeo_juegos_olimpicos_08082016_1.jpg\" alt=\"gabriel_maestre_boxeo_juegos_olimpicos_08082016_1\" width=\"682\" height=\"455\" srcset=\"http:\/\/gradadigital.com\/home\/wp-content\/uploads\/2016\/08\/gabriel_maestre_boxeo_juegos_olimpicos_08082016_1.jpg 682w, http:\/\/gradadigital.com\/home\/wp-content\/uploads\/2016\/08\/gabriel_maestre_boxeo_juegos_olimpicos_08082016_1-300x200.jpg 300w\" sizes=\"auto, (max-width: 682px) 100vw, 682px\" \/><\/p>\n<p style=\"text-align: justify;\"><strong>EFE\u00a0&#8211;<\/strong> El peso w\u00e9lter venezolano Gabriel Maestre, medallista mundial del 2013, se clasific\u00f3 este jueves sin pelear para los cuartos de final del boxeo de los Juegos Ol\u00edmpicos de R\u00edo 2016 al vencer por incomparecencia al italiano Vincenzo Mangiacapre.<\/p>\n<p style=\"text-align: justify;\">Maestre llega a los Juegos despu\u00e9s de derrotar el a\u00f1o pasado en los Juegos Panamericanos al monarca ol\u00edmpico cubano Roniel Iglesias y es una de las esperanzas de su pa\u00eds de entrar en medallas en el boxeo ol\u00edmpico.<\/p>\n<p style=\"text-align: justify;\"><span style=\"color: #0000ff;\"><a style=\"color: #0000ff;\" href=\"http:\/\/gradadigital.com\/home\/rio-2016-gabriel-maestre-avanza-a-octavos-de-final-en-los-juegos-olimpicos\/\">Debut\u00f3 el pasado domingo con una victoria por decisi\u00f3n dividida sobre el alem\u00e1n Arajik Marutjan<\/a><\/span> y en la fase de los ocho mejores pelear\u00e1 el pr\u00f3ximo s\u00e1bado contra el subcampe\u00f3n mundial, el kazajo Daniyar Yeleussinov.<\/p>\n","protected":false},"excerpt":{"rendered":"<p>EFE\u00a0&#8211; El peso w\u00e9lter venezolano Gabriel Maestre, medallista mundial del 2013, se clasific\u00f3 este jueves sin pelear para los cuartos de final del boxeo de los Juegos Ol\u00edmpicos de R\u00edo 2016 al vencer por incomparecencia al italiano Vincenzo Mangiacapre. Maestre llega a los Juegos despu\u00e9s de derrotar el a\u00f1o pasado en los Juegos Panamericanos al &#8230;<\/p>\n","protected":false},"author":3,"featured_media":30086,"comment_status":"closed","ping_status":"closed","sticky":false,"template":"","format":"standard","meta":{"footnotes":""},"categories":[752,1879],"tags":[],"class_list":["post-30082","post","type-post","status-publish","format-standard","has-post-thumbnail","hentry","category-appgd","category-en-offside"],"_links":{"self":[{"href":"http:\/\/gradadigital.com\/home\/wp-json\/wp\/v2\/posts\/30082","targetHints":{"allow":["GET"]}}],"collection":[{"href":"http:\/\/gradadigital.com\/home\/wp-json\/wp\/v2\/posts"}],"about":[{"href":"http:\/\/gradadigital.com\/home\/wp-json\/wp\/v2\/types\/post"}],"author":[{"embeddable":true,"href":"http:\/\/gradadigital.com\/home\/wp-json\/wp\/v2\/users\/3"}],"replies":[{"embeddable":true,"href":"http:\/\/gradadigital.com\/home\/wp-json\/wp\/v2\/comments?post=30082"}],"version-history":[{"count":3,"href":"http:\/\/gradadigital.com\/home\/wp-json\/wp\/v2\/posts\/30082\/revisions"}],"predecessor-version":[{"id":30085,"href":"http:\/\/gradadigital.com\/home\/wp-json\/wp\/v2\/posts\/30082\/revisions\/30085"}],"wp:featuredmedia":[{"embeddable":true,"href":"http:\/\/gradadigital.com\/home\/wp-json\/wp\/v2\/media\/30086"}],"wp:attachment":[{"href":"http:\/\/gradadigital.com\/home\/wp-json\/wp\/v2\/media?parent=30082"}],"wp:term":[{"taxonomy":"category","embeddable":true,"href":"http:\/\/gradadigital.com\/home\/wp-json\/wp\/v2\/categories?post=30082"},{"taxonomy":"post_tag","embeddable":true,"href":"http:\/\/gradadigital.com\/home\/wp-json\/wp\/v2\/tags?post=30082"}],"curies":[{"name":"wp","href":"https:\/\/api.w.org\/{rel}","templated":true}]}}