{"id":30039,"date":"2016-08-11T13:58:58","date_gmt":"2016-08-11T18:28:58","guid":{"rendered":"http:\/\/gradadigital.com\/home\/?p=30039"},"modified":"2016-08-11T13:58:58","modified_gmt":"2016-08-11T18:28:58","slug":"soteldo-sera-vital-saber-administrar-este-resultado","status":"publish","type":"post","link":"http:\/\/gradadigital.com\/home\/soteldo-sera-vital-saber-administrar-este-resultado\/","title":{"rendered":"Soteldo: \u00abSer\u00e1 vital saber administrar este resultado\u00bb"},"content":{"rendered":"<p style=\"text-align: center;\"><img loading=\"lazy\" decoding=\"async\" class=\"alignnone size-full wp-image-30040\" src=\"http:\/\/gradadigital.com\/home\/wp-content\/uploads\/2016\/08\/yeferson_soteldo_barcelonasc_zamora_10082016_3.jpg\" alt=\"yeferson_soteldo_barcelonasc_zamora_10082016_3\" width=\"682\" height=\"455\" srcset=\"http:\/\/gradadigital.com\/home\/wp-content\/uploads\/2016\/08\/yeferson_soteldo_barcelonasc_zamora_10082016_3.jpg 682w, http:\/\/gradadigital.com\/home\/wp-content\/uploads\/2016\/08\/yeferson_soteldo_barcelonasc_zamora_10082016_3-300x200.jpg 300w\" sizes=\"auto, (max-width: 682px) 100vw, 682px\" \/><\/p>\n<p style=\"text-align: justify;\"><strong>Freddy Bautista | Prensa Zamora FC,\u00a0<\/strong><strong>Guayaquil |<\/strong> Con una ligera ventaja llegar\u00e1 Zamora F\u00fatbol Club al partido de vuelta de la Copa Sudamericana 2016, tras conseguir un importante empate (1-1) en suelo ecuatoriano, donde el conjunto barin\u00e9s tuvo una noche brillante frente a Barcelona Sporting Club, que sufri\u00f3 la embestida blanquinegra en Guayaquil.<\/p>\n<p style=\"text-align: justify;\">El juvenil sensaci\u00f3n del f\u00fatbol venezolano, Yeferson Soteldo, sigue destacando con su talento, esta vez, puso a relucir \u2013nuevamente- sus virtudes en la palestra internacional al ser una de las piezas claves en la igualdad conseguida de visitante. <strong>\u201cFue un partido muy exigente, dif\u00edcil como todos estos partidos. Cuando nos marcan el primer gol tuvimos la tranquilidad necesaria para seguir atacando y logramos empatar, pero ahora debemos esperar la vuelta porque a\u00fan no hemos conseguido nada\u201d<\/strong>, aleg\u00f3 el dorsal \u201830\u2019.<\/p>\n<p style=\"text-align: justify;\">Luego del tanto marcado la pasada noche del mi\u00e9rcoles en Guayaquil, Soteldo anot\u00f3 a su corta edad su segundo gol en la Copa Sudamericana, tras haberlo hecho casualmente en el encuentro de ida ante Liga de Quito en la edici\u00f3n anterior. El mediocampista llanero no desenton\u00f3 y aprovech\u00f3 para decir: <strong>\u201cEstoy agradecido con Dios y mis compa\u00f1eros por poder anotar otro gol en la Sudamericana, eso es fruto del trabajo, de todas las cosas que he venido haciendo desde que empez\u00f3 la temporada\u201d.<\/strong><\/p>\n<p style=\"text-align: justify;\">Aunque siempre anotar de visitante da una ventaja parcial, el grupo sabe que a\u00fan no hay nada que celebrar, por eso, Soteldo termin\u00f3 indicando: <strong>\u201cSer\u00e1 vital saber administrar este resultado, porque son un equipo muy intenso y debemos cuidarnos de todos esos detalles para la vuelta, aunque ellos en Barinas tampoco la tendr\u00e1n f\u00e1cil, porque nosotros en casa nos hacemos fuertes\u201d<\/strong>.<\/p>\n<p style=\"text-align: justify;\"><strong>STIFANO: \u201cSOLO DIMOS UN PRIMER PASO\u201d<\/strong><\/p>\n<p style=\"text-align: justify;\">Con serenidad y mucha cautela se toma el t\u00e9cnico Francesco Stifano este resultado en el que pudo superar t\u00e1cticamente a Barcelona SC en su feudo. <strong>\u201cSolo dimos un primer paso, aun no hay nada que festejar. Hicimos un partido correcto, ahora hay que recuperarnos r\u00e1pido porque se viene el domingo donde enfrentaremos a Portuguesa y luego si pensaremos en Barcelona. El jueves que viene esperamos llenar \u2018La Carolina\u2019 para tener ese empuje an\u00edmico importante y dar ese paso final para trascender a nivel internacional\u201d<\/strong>, manifest\u00f3.<\/p>\n<p style=\"text-align: justify;\">La juventud que emana en el plantel zamorano parece no haberle pesado a un grupo que por m\u00e1s joven que sea, tuvo mucha actitud para emparejar el marcador.<strong>\u201cEl equipo mostr\u00f3 mucha jerarqu\u00eda, porque siempre fue a buscar el partido. Se tuvo mucha personalidad para revertir una situaci\u00f3n bien complicada en un dif\u00edcil estadio como el de Barcelona\u201d<\/strong>, a\u00f1adi\u00f3 el estratega.<\/p>\n<p style=\"text-align: justify;\">Las rotaci\u00f3n de jugadores ser\u00e1n constantes para el cuerpo t\u00e9cnico, que apunta alto en su reto internacional. <strong>\u201cHubo muchas cr\u00edticas el domingo pasado, pero yo creo en lo que hacemos y en mi cantera. Si tengo que volver a darles la confianza, lo volver\u00e9 hacer. Ahora seguiremos prepar\u00e1ndonos y planificando todo lo que viene\u201d<\/strong>, remat\u00f3 Stifano.<\/p>\n<p style=\"text-align: justify;\">El pr\u00f3ximo reto de Zamora FC ser\u00e1 en el estadio Agust\u00edn Tovar \u2018La Carolina\u2019 ante Portuguesa FC por la novena jornada del Torneo Clausura 2016; mientras que la vuelta por Copa Sudamericana ser\u00e1 el jueves a las 8:00 pm en el feudo barin\u00e9s.<\/p>\n","protected":false},"excerpt":{"rendered":"<p>Freddy Bautista | Prensa Zamora FC,\u00a0Guayaquil | Con una ligera ventaja llegar\u00e1 Zamora F\u00fatbol Club al partido de vuelta de la Copa Sudamericana 2016, tras conseguir un importante empate (1-1) en suelo ecuatoriano, donde el conjunto barin\u00e9s tuvo una noche brillante frente a Barcelona Sporting Club, que sufri\u00f3 la embestida blanquinegra en Guayaquil. El juvenil &#8230;<\/p>\n","protected":false},"author":4,"featured_media":30040,"comment_status":"closed","ping_status":"closed","sticky":false,"template":"","format":"standard","meta":{"footnotes":""},"categories":[752,38,21],"tags":[],"class_list":["post-30039","post","type-post","status-publish","format-standard","has-post-thumbnail","hentry","category-appgd","category-copa-sudamericana","category-zamora-fc"],"_links":{"self":[{"href":"http:\/\/gradadigital.com\/home\/wp-json\/wp\/v2\/posts\/30039","targetHints":{"allow":["GET"]}}],"collection":[{"href":"http:\/\/gradadigital.com\/home\/wp-json\/wp\/v2\/posts"}],"about":[{"href":"http:\/\/gradadigital.com\/home\/wp-json\/wp\/v2\/types\/post"}],"author":[{"embeddable":true,"href":"http:\/\/gradadigital.com\/home\/wp-json\/wp\/v2\/users\/4"}],"replies":[{"embeddable":true,"href":"http:\/\/gradadigital.com\/home\/wp-json\/wp\/v2\/comments?post=30039"}],"version-history":[{"count":1,"href":"http:\/\/gradadigital.com\/home\/wp-json\/wp\/v2\/posts\/30039\/revisions"}],"predecessor-version":[{"id":30041,"href":"http:\/\/gradadigital.com\/home\/wp-json\/wp\/v2\/posts\/30039\/revisions\/30041"}],"wp:featuredmedia":[{"embeddable":true,"href":"http:\/\/gradadigital.com\/home\/wp-json\/wp\/v2\/media\/30040"}],"wp:attachment":[{"href":"http:\/\/gradadigital.com\/home\/wp-json\/wp\/v2\/media?parent=30039"}],"wp:term":[{"taxonomy":"category","embeddable":true,"href":"http:\/\/gradadigital.com\/home\/wp-json\/wp\/v2\/categories?post=30039"},{"taxonomy":"post_tag","embeddable":true,"href":"http:\/\/gradadigital.com\/home\/wp-json\/wp\/v2\/tags?post=30039"}],"curies":[{"name":"wp","href":"https:\/\/api.w.org\/{rel}","templated":true}]}}